{"id":189965,"date":"2023-06-26T10:05:49","date_gmt":"2023-06-26T08:05:49","guid":{"rendered":"https:\/\/www.kraftfuttermischwerk.de\/blogg\/?p=189965"},"modified":"2023-06-26T10:05:49","modified_gmt":"2023-06-26T08:05:49","slug":"zum-nachhoeren-40-jahre-danger-dan-das-livekonzert","status":"publish","type":"post","link":"https:\/\/www.kraftfuttermischwerk.de\/blogg\/zum-nachhoeren-40-jahre-danger-dan-das-livekonzert\/","title":{"rendered":"Zum Nachh\u00f6ren: 40 Jahre Danger Dan &#8211; das Livekonzert"},"content":{"rendered":"<a href=\"https:\/\/www.radioeins.de\/themen\/_\/40-jahre-danger-dan-wuhlheide-berlin.html?\"><img loading=\"lazy\" decoding=\"async\" src=\"https:\/\/www.kraftfuttermischwerk.de\/blogg\/wp-content\/uploads2\/2023\/06\/Bildschirmfoto-2023-06-26-um-10.04.37.jpg\" alt=\"\" width=\"1468\" height=\"818\" class=\"alignnone size-full wp-image-189966\" srcset=\"https:\/\/www.kraftfuttermischwerk.de\/blogg\/wp-content\/uploads2\/2023\/06\/Bildschirmfoto-2023-06-26-um-10.04.37.jpg 1468w, https:\/\/www.kraftfuttermischwerk.de\/blogg\/wp-content\/uploads2\/2023\/06\/Bildschirmfoto-2023-06-26-um-10.04.37-300x167.jpg 300w, https:\/\/www.kraftfuttermischwerk.de\/blogg\/wp-content\/uploads2\/2023\/06\/Bildschirmfoto-2023-06-26-um-10.04.37-600x334.jpg 600w, https:\/\/www.kraftfuttermischwerk.de\/blogg\/wp-content\/uploads2\/2023\/06\/Bildschirmfoto-2023-06-26-um-10.04.37-768x428.jpg 768w\" sizes=\"auto, (max-width: 1468px) 100vw, 1468px\" \/><\/a>\n<p>radioeins hat die Geburtstagssause zum 40.  von Danger Dan in der Wuhlheide <a href=\"https:\/\/www.radioeins.de\/themen\/_\/40-jahre-danger-dan-wuhlheide-berlin.html?\">zum Nachh\u00f6ren am Start<\/a> und das l\u00e4uft hier jetzt erstmal. Und wer da nicht alles mit am Start war! <\/p>\n<blockquote><p>Anl\u00e4sslich seines 40. Geburtstags hat Danger Dan an zwei Tagen in Berlin gefeiert. Am 2. und 3. Juni 2023 wurde die Parkb\u00fchne Wuhlheide zu einer ganz besonderen Geburtstagslocation. Mit Danger Dan himself, vielen tollen G\u00e4sten und gl\u00fccklichen Fans. Und einem gl\u00fccklichen Danger Dan, f\u00fcr den es das sch\u00f6nste Fest seines Lebens war. radioeins hat das Konzert vom 3. Juni 2023 f\u00fcr die Nachwelt konserviert. <\/p><\/blockquote>\n<p><small>(Danke, <a href=\"https:\/\/www.facebook.com\/guido.gudduscheit\">Guido<\/a>!)<\/small><\/p>\n","protected":false},"excerpt":{"rendered":"<p>radioeins hat die Geburtstagssause zum 40. von Danger Dan in der Wuhlheide zum Nachh\u00f6ren am Start und das l\u00e4uft hier jetzt erstmal. Und wer da&#8230;<\/p>\n<div class=\"more-link-wrapper\"><a class=\"more-link\" href=\"https:\/\/www.kraftfuttermischwerk.de\/blogg\/zum-nachhoeren-40-jahre-danger-dan-das-livekonzert\/\">Mehr lesen -&gt;<span class=\"screen-reader-text\">Zum Nachh\u00f6ren: 40 Jahre Danger Dan &#8211; das Livekonzert<\/span><\/a><\/div>\n","protected":false},"author":1,"featured_media":189966,"comment_status":"open","ping_status":"open","sticky":false,"template":"","format":"standard","meta":{"jetpack_post_was_ever_published":false,"_jetpack_newsletter_access":"","_jetpack_dont_email_post_to_subs":false,"_jetpack_newsletter_tier_id":0,"_jetpack_memberships_contains_paywalled_content":false,"_jetpack_memberships_contains_paid_content":false,"footnotes":""},"categories":[1],"tags":[7985,473],"class_list":["post-189965","post","type-post","status-publish","format-standard","has-post-thumbnail","hentry","category-nur-mal-so","tag-danger-dan","tag-live","entry"],"jetpack_featured_media_url":"https:\/\/www.kraftfuttermischwerk.de\/blogg\/wp-content\/uploads2\/2023\/06\/Bildschirmfoto-2023-06-26-um-10.04.37.jpg","jetpack_shortlink":"https:\/\/wp.me\/pXEnA-NpX","jetpack-related-posts":[],"jetpack_sharing_enabled":true,"_links":{"self":[{"href":"https:\/\/www.kraftfuttermischwerk.de\/blogg\/wp-json\/wp\/v2\/posts\/189965","targetHints":{"allow":["GET"]}}],"collection":[{"href":"https:\/\/www.kraftfuttermischwerk.de\/blogg\/wp-json\/wp\/v2\/posts"}],"about":[{"href":"https:\/\/www.kraftfuttermischwerk.de\/blogg\/wp-json\/wp\/v2\/types\/post"}],"author":[{"embeddable":true,"href":"https:\/\/www.kraftfuttermischwerk.de\/blogg\/wp-json\/wp\/v2\/users\/1"}],"replies":[{"embeddable":true,"href":"https:\/\/www.kraftfuttermischwerk.de\/blogg\/wp-json\/wp\/v2\/comments?post=189965"}],"version-history":[{"count":2,"href":"https:\/\/www.kraftfuttermischwerk.de\/blogg\/wp-json\/wp\/v2\/posts\/189965\/revisions"}],"predecessor-version":[{"id":189968,"href":"https:\/\/www.kraftfuttermischwerk.de\/blogg\/wp-json\/wp\/v2\/posts\/189965\/revisions\/189968"}],"wp:featuredmedia":[{"embeddable":true,"href":"https:\/\/www.kraftfuttermischwerk.de\/blogg\/wp-json\/wp\/v2\/media\/189966"}],"wp:attachment":[{"href":"https:\/\/www.kraftfuttermischwerk.de\/blogg\/wp-json\/wp\/v2\/media?parent=189965"}],"wp:term":[{"taxonomy":"category","embeddable":true,"href":"https:\/\/www.kraftfuttermischwerk.de\/blogg\/wp-json\/wp\/v2\/categories?post=189965"},{"taxonomy":"post_tag","embeddable":true,"href":"https:\/\/www.kraftfuttermischwerk.de\/blogg\/wp-json\/wp\/v2\/tags?post=189965"}],"curies":[{"name":"wp","href":"https:\/\/api.w.org\/{rel}","templated":true}]}}