{"id":193610,"date":"2023-11-02T08:05:22","date_gmt":"2023-11-02T07:05:22","guid":{"rendered":"https:\/\/www.kraftfuttermischwerk.de\/blogg\/?p=193610"},"modified":"2023-11-02T08:05:22","modified_gmt":"2023-11-02T07:05:22","slug":"eine-lange-nacht-ueber-100-jahre-radio-in-deutschland","status":"publish","type":"post","link":"https:\/\/www.kraftfuttermischwerk.de\/blogg\/eine-lange-nacht-ueber-100-jahre-radio-in-deutschland\/","title":{"rendered":"&#8222;Eine lange Nacht&#8220; \u00fcber 100 Jahre Radio in Deutschland"},"content":{"rendered":"<figure id=\"attachment_193611\" aria-describedby=\"caption-attachment-193611\" style=\"width: 1280px\" class=\"wp-caption alignnone\"><img loading=\"lazy\" decoding=\"async\" src=\"https:\/\/www.kraftfuttermischwerk.de\/blogg\/wp-content\/uploads2\/2023\/11\/radio-4333412_1280.jpg\" alt=\"\" width=\"1280\" height=\"853\" class=\"size-full wp-image-193611\" srcset=\"https:\/\/www.kraftfuttermischwerk.de\/blogg\/wp-content\/uploads2\/2023\/11\/radio-4333412_1280.jpg 1280w, https:\/\/www.kraftfuttermischwerk.de\/blogg\/wp-content\/uploads2\/2023\/11\/radio-4333412_1280-300x200.jpg 300w, https:\/\/www.kraftfuttermischwerk.de\/blogg\/wp-content\/uploads2\/2023\/11\/radio-4333412_1280-600x400.jpg 600w, https:\/\/www.kraftfuttermischwerk.de\/blogg\/wp-content\/uploads2\/2023\/11\/radio-4333412_1280-768x512.jpg 768w\" sizes=\"auto, (max-width: 1280px) 100vw, 1280px\" \/><figcaption id=\"caption-attachment-193611\" class=\"wp-caption-text\"><small>(Foto: <a href=\"https:\/\/pixabay.com\/de\/photos\/radio-kofferradio-transistorradion-4333412\/\">manfredrichter<\/a>)<\/small><\/figcaption><\/figure>\n<p>Ganz anders als fr\u00fcher spielt lineares Radio f\u00fcr mich heute keine Rolle mehr. Ich h\u00f6re es maximal wenn ich in einem Auto mitfahre. Fr\u00fcher war das ganz anders. Als Kind, das im Schatten der Mauer ostseitig aufgewachsen ist, war Rias Berlin der Sender, der mich mit Musik aus dem Westen versorgte. Ich sa\u00df regelm\u00e4\u00dfig am Kassettenrekorder und hoffte, dass die Moderation mal wieder nicht die Outros der gespielten Songs kaputtquatschte. Sp\u00e4ter waren es dann Marusha bei DT64, Steve Mason und Ellen Alien bei Kiss FM, Marcos Lopez und Paul van Dyk bei Radio Fritz, die meine musikalische Sozialisation ma\u00dfgeblich \u00fcber das Radio pr\u00e4gten. Und \u00fcberhaupt Fritz: Blue Moon und so, wo ich stundenlang zugeh\u00f6rt habe. Bei mir auf Arbeit lief bis vor 10 Jahren oder so rund um die Uhr Fritz. Heute gar nicht mehr. Die Kids brauchen nur noch eine Bluetooth Box und den Streamingdienst ihrer Wahl. Radio, mit dem ich gro\u00df geworden bin, spielt f\u00fcr sie absolut keine Rolle mehr.<\/p>\n<p>Aber dennoch bin ich immer noch Fan von Radio-Formaten wie <a href=\"https:\/\/www.deutschlandfunkkultur.de\/lange-nacht-102.html\">der langen Nacht<\/a> beim Deutschlandfunk Kultur, bei dem ich allerdings nie Freitagnacht im Radio, sondern immer dann im Netz reinh\u00f6re, wenn ich da die Zeit f\u00fcr habe. So wie Gestern. Da h\u00f6rte ich die lange Nacht zum Thema  <a href=\"https:\/\/www.deutschlandfunkkultur.de\/lange-nacht-ueber-100-jahre-radio-in-deutschland-dlf-kultur-7ddba79d-100.html\">100 Jahre Radio in Deutschland<\/a>, lernte einiges dazu und f\u00fchlte mich bestens infomrmiert. Und mir fiel auf, dass ich die gute alte Zeit des linearen Radioh\u00f6rens auch ein wenig vermisse. <\/p>\n<blockquote><p>Anl\u00e4sslich des Jubil\u00e4ums erz\u00e4hlt die \u201eLange Nacht\u201c von der Entwicklung des Radios ab 1923 bis heute. Die Sendung pr\u00e4sentiert akustische Sternstunden, aber auch Eindr\u00fccke aus den dunkleren Kapiteln der deutschen Rundfunkgeschichte.<\/p><\/blockquote>\n<p><audio class=\"wp-audio-shortcode\" id=\"audio-193610-1\" preload=\"none\" style=\"width: 100%;\" controls=\"controls\"><source type=\"audio\/mpeg\" src=\"https:\/\/download.deutschlandfunk.de\/file\/dradio\/2023\/10\/28\/lange_nacht_ueber_100_jahre_radio_in_deutschland_drk_20231028_0005_7ddba79d.mp3?_=1\" \/><a href=\"https:\/\/download.deutschlandfunk.de\/file\/dradio\/2023\/10\/28\/lange_nacht_ueber_100_jahre_radio_in_deutschland_drk_20231028_0005_7ddba79d.mp3\">https:\/\/download.deutschlandfunk.de\/file\/dradio\/2023\/10\/28\/lange_nacht_ueber_100_jahre_radio_in_deutschland_drk_20231028_0005_7ddba79d.mp3<\/a><\/audio><br \/>\n<small>(<a href=\"https:\/\/download.deutschlandfunk.de\/file\/dradio\/2023\/10\/28\/lange_nacht_ueber_100_jahre_radio_in_deutschland_drk_20231028_0005_7ddba79d.mp3\">Direkt-MP3<\/a>)<\/small><\/p>\n","protected":false},"excerpt":{"rendered":"<p>Ganz anders als fr\u00fcher spielt lineares Radio f\u00fcr mich heute keine Rolle mehr. Ich h\u00f6re es maximal wenn ich in einem Auto mitfahre. Fr\u00fcher war&#8230;<\/p>\n<div class=\"more-link-wrapper\"><a class=\"more-link\" href=\"https:\/\/www.kraftfuttermischwerk.de\/blogg\/eine-lange-nacht-ueber-100-jahre-radio-in-deutschland\/\">Mehr lesen -&gt;<span class=\"screen-reader-text\">&#8222;Eine lange Nacht&#8220; \u00fcber 100 Jahre Radio in Deutschland<\/span><\/a><\/div>\n","protected":false},"author":1,"featured_media":193611,"comment_status":"open","ping_status":"open","sticky":false,"template":"","format":"standard","meta":{"jetpack_post_was_ever_published":false,"_jetpack_newsletter_access":"","_jetpack_dont_email_post_to_subs":false,"_jetpack_newsletter_tier_id":0,"_jetpack_memberships_contains_paywalled_content":false,"_jetpack_memberships_contains_paid_content":false,"footnotes":""},"categories":[1],"tags":[8674,829],"class_list":["post-193610","post","type-post","status-publish","format-standard","has-post-thumbnail","hentry","category-nur-mal-so","tag-eine-lange-nacht","tag-radio","entry"],"jetpack_featured_media_url":"https:\/\/www.kraftfuttermischwerk.de\/blogg\/wp-content\/uploads2\/2023\/11\/radio-4333412_1280.jpg","jetpack_shortlink":"https:\/\/wp.me\/pXEnA-OmK","jetpack-related-posts":[],"jetpack_sharing_enabled":true,"_links":{"self":[{"href":"https:\/\/www.kraftfuttermischwerk.de\/blogg\/wp-json\/wp\/v2\/posts\/193610","targetHints":{"allow":["GET"]}}],"collection":[{"href":"https:\/\/www.kraftfuttermischwerk.de\/blogg\/wp-json\/wp\/v2\/posts"}],"about":[{"href":"https:\/\/www.kraftfuttermischwerk.de\/blogg\/wp-json\/wp\/v2\/types\/post"}],"author":[{"embeddable":true,"href":"https:\/\/www.kraftfuttermischwerk.de\/blogg\/wp-json\/wp\/v2\/users\/1"}],"replies":[{"embeddable":true,"href":"https:\/\/www.kraftfuttermischwerk.de\/blogg\/wp-json\/wp\/v2\/comments?post=193610"}],"version-history":[{"count":4,"href":"https:\/\/www.kraftfuttermischwerk.de\/blogg\/wp-json\/wp\/v2\/posts\/193610\/revisions"}],"predecessor-version":[{"id":193615,"href":"https:\/\/www.kraftfuttermischwerk.de\/blogg\/wp-json\/wp\/v2\/posts\/193610\/revisions\/193615"}],"wp:featuredmedia":[{"embeddable":true,"href":"https:\/\/www.kraftfuttermischwerk.de\/blogg\/wp-json\/wp\/v2\/media\/193611"}],"wp:attachment":[{"href":"https:\/\/www.kraftfuttermischwerk.de\/blogg\/wp-json\/wp\/v2\/media?parent=193610"}],"wp:term":[{"taxonomy":"category","embeddable":true,"href":"https:\/\/www.kraftfuttermischwerk.de\/blogg\/wp-json\/wp\/v2\/categories?post=193610"},{"taxonomy":"post_tag","embeddable":true,"href":"https:\/\/www.kraftfuttermischwerk.de\/blogg\/wp-json\/wp\/v2\/tags?post=193610"}],"curies":[{"name":"wp","href":"https:\/\/api.w.org\/{rel}","templated":true}]}}