{"id":194220,"date":"2023-11-22T07:39:49","date_gmt":"2023-11-22T06:39:49","guid":{"rendered":"https:\/\/www.kraftfuttermischwerk.de\/blogg\/?p=194220"},"modified":"2023-11-22T07:39:49","modified_gmt":"2023-11-22T06:39:49","slug":"hans-rahmenbauer-in-der-ddr","status":"publish","type":"post","link":"https:\/\/www.kraftfuttermischwerk.de\/blogg\/hans-rahmenbauer-in-der-ddr\/","title":{"rendered":"Hans, Rahmenbauer in der DDR"},"content":{"rendered":"<p>Wer sich hierf\u00fcr die Zeit nimmt, erf\u00e4hrt was \u00fcber Innovation aus der Isolation und viel \u00fcber Hans, der in der DDR Fahrradrahmen  gebaut hat. Unter den Umst\u00e4nden, die eben gegeben waren. Unspektakul\u00e4r, interessant, zuh\u00f6rend, der Geschichte Raum gebend. Sch\u00f6n. <\/p>\n<blockquote><p>Through regular visits to Germany, meeting builders and small independent manufacturers he was extremely fortunate to meet some incredible people who gave me a glimpse into bicycle manufacturing in Germany.<\/p>\n<p>Inevitably, the name Diamant would crop up over and over,  in the way that Raleigh would in the UK or Schwinn in the states. There were crumbs pointing to the former GDR everywhere, and in trying to learn a bit more about the cultural landscape of framebuilding in the former GDR all roads eventually led back to Diamant&#8230;<\/p><\/blockquote>\n<p><span class=\"embed-youtube\" style=\"text-align:center; display: block;\"><iframe loading=\"lazy\" class=\"youtube-player\" width=\"640\" height=\"360\" src=\"https:\/\/www.youtube.com\/embed\/uRIgPitxfSk?version=3&#038;rel=1&#038;showsearch=0&#038;showinfo=1&#038;iv_load_policy=1&#038;fs=1&#038;hl=de-DE&#038;autohide=2&#038;wmode=transparent\" allowfullscreen=\"true\" style=\"border:0;\" sandbox=\"allow-scripts allow-same-origin allow-popups allow-presentation allow-popups-to-escape-sandbox\"><\/iframe><\/span><br \/>\n<small>(<a href=\"https:\/\/youtu.be\/uRIgPitxfSk?si=KKYJBCBppybEHsFY\">Direktlink<\/a> | Danke, <a href=\"https:\/\/www.facebook.com\/alexander.witt.7773\">Alexander<\/a>!)<\/small><\/p>\n","protected":false},"excerpt":{"rendered":"<p>Wer sich hierf\u00fcr die Zeit nimmt, erf\u00e4hrt was \u00fcber Innovation aus der Isolation und viel \u00fcber Hans, der in der DDR Fahrradrahmen gebaut hat. Unter&#8230;<\/p>\n<div class=\"more-link-wrapper\"><a class=\"more-link\" href=\"https:\/\/www.kraftfuttermischwerk.de\/blogg\/hans-rahmenbauer-in-der-ddr\/\">Mehr lesen -&gt;<span class=\"screen-reader-text\">Hans, Rahmenbauer in der DDR<\/span><\/a><\/div>\n","protected":false},"author":1,"featured_media":194221,"comment_status":"open","ping_status":"open","sticky":false,"template":"","format":"standard","meta":{"jetpack_post_was_ever_published":false,"_jetpack_newsletter_access":"","_jetpack_dont_email_post_to_subs":false,"_jetpack_newsletter_tier_id":0,"_jetpack_memberships_contains_paywalled_content":false,"_jetpack_memberships_contains_paid_content":false,"footnotes":""},"categories":[22],"tags":[5048,6800,734,299,9171],"class_list":["post-194220","post","type-post","status-publish","format-standard","has-post-thumbnail","hentry","category-die-wende","tag-bicycles","tag-engineering","tag-frames","tag-gdr","tag-manufacturing","entry"],"jetpack_featured_media_url":"https:\/\/www.kraftfuttermischwerk.de\/blogg\/wp-content\/uploads2\/2023\/11\/Bildschirmfoto-2023-11-22-um-07.27.01.jpg","jetpack_shortlink":"https:\/\/wp.me\/pXEnA-OwA","jetpack-related-posts":[],"jetpack_sharing_enabled":true,"_links":{"self":[{"href":"https:\/\/www.kraftfuttermischwerk.de\/blogg\/wp-json\/wp\/v2\/posts\/194220","targetHints":{"allow":["GET"]}}],"collection":[{"href":"https:\/\/www.kraftfuttermischwerk.de\/blogg\/wp-json\/wp\/v2\/posts"}],"about":[{"href":"https:\/\/www.kraftfuttermischwerk.de\/blogg\/wp-json\/wp\/v2\/types\/post"}],"author":[{"embeddable":true,"href":"https:\/\/www.kraftfuttermischwerk.de\/blogg\/wp-json\/wp\/v2\/users\/1"}],"replies":[{"embeddable":true,"href":"https:\/\/www.kraftfuttermischwerk.de\/blogg\/wp-json\/wp\/v2\/comments?post=194220"}],"version-history":[{"count":3,"href":"https:\/\/www.kraftfuttermischwerk.de\/blogg\/wp-json\/wp\/v2\/posts\/194220\/revisions"}],"predecessor-version":[{"id":194224,"href":"https:\/\/www.kraftfuttermischwerk.de\/blogg\/wp-json\/wp\/v2\/posts\/194220\/revisions\/194224"}],"wp:featuredmedia":[{"embeddable":true,"href":"https:\/\/www.kraftfuttermischwerk.de\/blogg\/wp-json\/wp\/v2\/media\/194221"}],"wp:attachment":[{"href":"https:\/\/www.kraftfuttermischwerk.de\/blogg\/wp-json\/wp\/v2\/media?parent=194220"}],"wp:term":[{"taxonomy":"category","embeddable":true,"href":"https:\/\/www.kraftfuttermischwerk.de\/blogg\/wp-json\/wp\/v2\/categories?post=194220"},{"taxonomy":"post_tag","embeddable":true,"href":"https:\/\/www.kraftfuttermischwerk.de\/blogg\/wp-json\/wp\/v2\/tags?post=194220"}],"curies":[{"name":"wp","href":"https:\/\/api.w.org\/{rel}","templated":true}]}}