{"id":194753,"date":"2023-12-07T08:57:02","date_gmt":"2023-12-07T07:57:02","guid":{"rendered":"https:\/\/www.kraftfuttermischwerk.de\/blogg\/?p=194753"},"modified":"2023-12-07T08:57:02","modified_gmt":"2023-12-07T07:57:02","slug":"adventskalender-2023-tuerchen-07-florian-rietze-seenebel-am-praia-da-bordeira","status":"publish","type":"post","link":"https:\/\/www.kraftfuttermischwerk.de\/blogg\/adventskalender-2023-tuerchen-07-florian-rietze-seenebel-am-praia-da-bordeira\/","title":{"rendered":"Adventskalender 2023, T\u00fcrchen #07: Florian Rietze \u2013 Seenebel am Praia da Bordeira"},"content":{"rendered":"<a href=\"https:\/\/i.imgur.com\/2G90Hfb.gif\"><img loading=\"lazy\" decoding=\"async\" src=\"https:\/\/i.imgur.com\/2G90Hfb.gif\" width=\"300\" height=\"300\" class=\"alignleft size-full\" \/><p><a href=\"https:\/\/soundcloud.com\/florianrietze\">Florian<\/a>  lernte ich irgendwann in den letzten Sommern kennen. Ich wusste bis dahin gar nicht, dass der auch &#8211; wie so viele &#8211; hier in Potsdam rumgammelt und dort sein Ding macht. Wir verstanden uns auf Anhieb recht gut und als ich ihn vor ein paar Wochen am <a href=\"https:\/\/rz-potsdam.de\/\">Rechenzentrum<\/a> traf, wo er auf dem Weg ins Studio war, fragte ich ihn spontan, ob er nicht Bock auf ein T\u00fcrchen h\u00e4tte, was er sofort bejahte. Er w\u00fcrde da eh gerade an einem Vinyl-Mix sitzen, der so Ambient, Downbeat- und Leftfield-Geschichten mit sich bringen w\u00fcrde. Und das alles passt ganz hervorragend zur aktuellen Wetterlage. Auch der Name des Mixes.<\/p>\n<p>Ich sitze hier gerade auf dem Weg zu einer Teamsitzung im Bus, habe diesen Mix auf den Ohren und den Blick auf den Winter. K\u00f6nnte gerade besser nicht sein. Und auch wenn ich meinte, dass diese Kalenderausgabe deutlich weniger als gewohnt raven w\u00fcrde, geht es so ganz dann doch nicht. Auf einen euch angenehmen kleinen Freitag. <\/p>\n<p><iframe loading=\"lazy\" width=\"100%\" height=\"166\" scrolling=\"no\" frameborder=\"no\" allow=\"autoplay\" src=\"https:\/\/w.soundcloud.com\/player\/?url=https%3A\/\/api.soundcloud.com\/tracks\/1684316220%3Fsecret_token%3Ds-71PM0avisoP&#038;color=%23ff5500&#038;auto_play=false&#038;hide_related=false&#038;show_comments=true&#038;show_user=true&#038;show_reposts=false&#038;show_teaser=true\"><\/iframe><\/p>\n<div style=\"font-size: 10px; color: #cccccc;line-break: anywhere;word-break: normal;overflow: hidden;white-space: nowrap;text-overflow: ellipsis; font-family: Interstate,Lucida Grande,Lucida Sans Unicode,Lucida Sans,Garuda,Verdana,Tahoma,sans-serif;font-weight: 100;\"><a href=\"https:\/\/soundcloud.com\/der-das-kfmw-ak\" title=\"KFMW Adventskalender\" target=\"_blank\" style=\"color: #cccccc; text-decoration: none;\" rel=\"noopener\">KFMW Adventskalender<\/a> \u00b7 <a href=\"https:\/\/soundcloud.com\/der-das-kfmw-ak\/2023-07-florian-rietze-seenebel-am-praia-da-bordeira\/s-71PM0avisoP\" title=\"2023 #07: Florian Rietze - Seenebel am Praia da Bordeira\" target=\"_blank\" style=\"color: #cccccc; text-decoration: none;\" rel=\"noopener\">2023 #07: Florian Rietze &#8211; Seenebel am Praia da Bordeira<\/a><\/div>\n<p><strong>Style:<\/strong> Electronica<br \/>\n<strong>Length: <\/strong>01:30:02<br \/>\n<strong>Quality: <\/strong>320 kBit\/s<\/p>\n<p><strong>Tracklist:<\/strong><br \/>\nNone<\/p>\n<p>Alle der diesj\u00e4hrigen Kalendermixe finden sich <a href=\"https:\/\/www.kraftfuttermischwerk.de\/blogg\/category\/adventskalender\/adventskalender-2023\/\">hier<\/a>.<\/p>\n","protected":false},"excerpt":{"rendered":"<p>Florian lernte ich irgendwann in den letzten Sommern kennen. Ich wusste bis dahin gar nicht, dass der auch &#8211; wie so viele &#8211; hier in&#8230;<\/p>\n<div class=\"more-link-wrapper\"><a class=\"more-link\" href=\"https:\/\/www.kraftfuttermischwerk.de\/blogg\/adventskalender-2023-tuerchen-07-florian-rietze-seenebel-am-praia-da-bordeira\/\">Mehr lesen -&gt;<span class=\"screen-reader-text\">Adventskalender 2023, T\u00fcrchen #07: Florian Rietze \u2013 Seenebel am Praia da Bordeira<\/span><\/a><\/div>\n","protected":false},"author":1,"featured_media":194754,"comment_status":"open","ping_status":"open","sticky":false,"template":"","format":"standard","meta":{"jetpack_post_was_ever_published":false,"_jetpack_newsletter_access":"","_jetpack_dont_email_post_to_subs":false,"_jetpack_newsletter_tier_id":0,"_jetpack_memberships_contains_paywalled_content":false,"_jetpack_memberships_contains_paid_content":false,"footnotes":""},"categories":[23,9600,5],"tags":[4357,9606,382,3468,9616],"class_list":["post-194753","post","type-post","status-publish","format-standard","has-post-thumbnail","hentry","category-adventskalender","category-adventskalender-2023","category-musik","tag-adventskalender","tag-ak2023","tag-dj-mix","tag-electronica","tag-florian-rietze","entry"],"jetpack_featured_media_url":"https:\/\/www.kraftfuttermischwerk.de\/blogg\/wp-content\/uploads2\/2023\/12\/kachel07-1.jpg","jetpack_shortlink":"https:\/\/wp.me\/pXEnA-OFb","jetpack-related-posts":[],"jetpack_sharing_enabled":true,"_links":{"self":[{"href":"https:\/\/www.kraftfuttermischwerk.de\/blogg\/wp-json\/wp\/v2\/posts\/194753","targetHints":{"allow":["GET"]}}],"collection":[{"href":"https:\/\/www.kraftfuttermischwerk.de\/blogg\/wp-json\/wp\/v2\/posts"}],"about":[{"href":"https:\/\/www.kraftfuttermischwerk.de\/blogg\/wp-json\/wp\/v2\/types\/post"}],"author":[{"embeddable":true,"href":"https:\/\/www.kraftfuttermischwerk.de\/blogg\/wp-json\/wp\/v2\/users\/1"}],"replies":[{"embeddable":true,"href":"https:\/\/www.kraftfuttermischwerk.de\/blogg\/wp-json\/wp\/v2\/comments?post=194753"}],"version-history":[{"count":4,"href":"https:\/\/www.kraftfuttermischwerk.de\/blogg\/wp-json\/wp\/v2\/posts\/194753\/revisions"}],"predecessor-version":[{"id":194758,"href":"https:\/\/www.kraftfuttermischwerk.de\/blogg\/wp-json\/wp\/v2\/posts\/194753\/revisions\/194758"}],"wp:featuredmedia":[{"embeddable":true,"href":"https:\/\/www.kraftfuttermischwerk.de\/blogg\/wp-json\/wp\/v2\/media\/194754"}],"wp:attachment":[{"href":"https:\/\/www.kraftfuttermischwerk.de\/blogg\/wp-json\/wp\/v2\/media?parent=194753"}],"wp:term":[{"taxonomy":"category","embeddable":true,"href":"https:\/\/www.kraftfuttermischwerk.de\/blogg\/wp-json\/wp\/v2\/categories?post=194753"},{"taxonomy":"post_tag","embeddable":true,"href":"https:\/\/www.kraftfuttermischwerk.de\/blogg\/wp-json\/wp\/v2\/tags?post=194753"}],"curies":[{"name":"wp","href":"https:\/\/api.w.org\/{rel}","templated":true}]}}