{"id":195011,"date":"2023-12-15T11:23:13","date_gmt":"2023-12-15T10:23:13","guid":{"rendered":"https:\/\/www.kraftfuttermischwerk.de\/blogg\/?p=195011"},"modified":"2023-12-16T11:09:59","modified_gmt":"2023-12-16T10:09:59","slug":"adventskalender-2023-tuerchen-15-herr-van-bohm-spruehsahne-aufm-kopf","status":"publish","type":"post","link":"https:\/\/www.kraftfuttermischwerk.de\/blogg\/adventskalender-2023-tuerchen-15-herr-van-bohm-spruehsahne-aufm-kopf\/","title":{"rendered":"Adventskalender 2023, T\u00fcrchen #15: Herr van Bohm &#8211; Spr\u00fchsahne aufm Kopf"},"content":{"rendered":"<a href=\"https:\/\/i.imgur.com\/a8ijDAw.gif\"><img loading=\"lazy\" decoding=\"async\" src=\"https:\/\/i.imgur.com\/a8ijDAw.gif\" width=\"300\" height=\"300\" class=\"alignleft size-full\" \/><\/a><p>Heute ist Gebohmstag und ganz doll rein zuf\u00e4llig, ist <a href=\"https:\/\/soundcloud.com\/herrvanbohm\">Herr van Bohm<\/a> heute Nacht hier gelandet, alles ist eskaliert und irgendwie ist alles viel zu sp\u00e4t geworden. Aber immerhin musste ich den Text f\u00fcr heute nicht alleine schreiben, das hat er selber \u00fcbernommen. Musikalisch gibt es irgendwas mit Punk.<\/p>\n<p><em>&#8222;Als ich eines Morgens aus einem seltsamen Traum erwachte, fuhr ich pl\u00f6tzlich hoch, als h\u00e4tte mich Kafka pers\u00f6nlich geweckt. Ungl\u00e4ubig starrte ich auf meine Uhr &#8211; seit zwei Stunden h\u00e4tte ich in meiner Wohnung, bewaffnet mit Tapezierstab und Farbe, stehen m\u00fcssen. Statt dessen sa\u00df ich im Kater Holzig und eilte los, Richtung Bahn.<br \/>\nAuf dem Weg zur Bahn frug (ja, frug!) ich mich noch, warum die Leute mich alle so dummd\u00e4mlich angrinsten. Am Bahnsteig fuhr die S-Bahn ein, und dann wurde mir gewahr: Deshalb! Statt meines schwarzen Zylinders, den ich gestern auf dem Kopf hatte, zierte meinen sehr m\u00fcden Kopf ein Exemplar eines Hutes, der mit Stra\u00dfsteinen und einer Pfauenfeder besetzt war. Na Gut, dachte ich, fair enough. Ich \u00f6ffnete die Haust\u00fcr in Sch\u00f6neberg, die Haust\u00fcr zu der von mir so geliebten Wohnung, und mir fiel meine weinende, weil sehr verzweifelte damalige Freundin in die Arme. Also, vielleicht hat sie auch sehr w\u00fctend geschimpft, ich erinnere dass nicht mehr. Aber darum geht es ja auch nicht. Mit in unserer Wohnung stand ein stattlicher Herr von schlechtem Geschmack und stellte sich mir als Ronny vor. Das war er also, DAS Kraftfuttermischwerk. Wir hatten schon lange seine Musik geh\u00f6rt, auf irgendwelchen Trips, die mehr in unserem Kopf statt gefunden haben als in der Wirklichkeit. Reisen in den Urwald, \u00fcber den Amazonas, vorbei ein phantastischen Kreaturen, mit ganz viel Liebe, ganz viel Freiheit und eben wundersch\u00f6ner Musik. Da stand er also. Es w\u00e4re gelogen zu sagen: Das war Liebe auf den ersten Blick. In Wirklichkeit bin ich sofort wieder eingeschlafen, bis ich aufwachte und gezwungen wurde, die Decke \u00fcberm Hochbett zu streichen. Ich glaube mich zu erinnern, dass mehr Farbe in meinem Gesicht war, als an der Decke &#8211; was bei allen Beteiligten zu gro\u00dfer Erheiterung f\u00fchrte.<br \/>\nEinige Monate sp\u00e4ter aber besuchte ich Ronny. Und tat es wieder und wieder. Heute, um 00:00, wiederholte ich mein Erscheinen im Hause Kraak. Alle waren da: Ronny, seine Frau, seine zwei T\u00f6chter, meine jetzige Freundin und mein bester Freund Niels (der mir witziger Weise auch eine Schachtel Nils &#8211; ohne e &#8211; schenkte). Das ist meine Familie &#8211; meine Richtige. F\u00fcr die w\u00fcrde ich durch die H\u00f6lle gehen. Ich lieb die alle seit vielen Jahren, seit vielen Meeresr\u00e4uschen und unz\u00e4hligen Abenden, an die wir uns gut, nur grob oder gar nicht erinnern k\u00f6nnen.<br \/>\nIch hab hier Fahrr\u00e4der auf D\u00e4cher gestellt, hab mein iPhone in den Speichen selbiger geschrottet, bin nackt in den Pool geh\u00fcpft, ab singweinend auf Ronny Scho\u00df gesessen, hab immer ein offenes Ohr gefunden &#8211; alles mit der gleichen Portion \u201eHalt dein Maul\u201c, wenn es angemessen wahr. Aber nat\u00fcrlich auch immer, wenn es unangemessen wahr.<br \/>\nHeute bin ich 37 Jahre alt geworden und dass sch\u00f6nste Geschenk, dass ich bekommen habe, sind einfach diese Menschen. Vor ein paar Wochen hat mir meine Freundin ein paar Tatoos gemacht. Seither steht auf meinem rechten Arm Liebe. \u00dcber meinem Herzen steht Freiheit. Auf der linken Schl\u00e4fe steht Alles. Und auf der rechten steht Musik.<br \/>\nLetztere hab ich hier f\u00fcr euch mal verbastelt.<br \/>\nGewidmet sei der ganze Kladderadatsch<br \/>\nAllen, die ich Liebe. Ich bin so froh, euch alle zu haben. Genug Pathos und: Viel Spa\u00df beim h\u00f6ren.<br \/>\nBussi, Bohmi.&#8220;<\/em><\/p>\n<p><iframe loading=\"lazy\" width=\"100%\" height=\"166\" scrolling=\"no\" frameborder=\"no\" allow=\"autoplay\" src=\"https:\/\/w.soundcloud.com\/player\/?url=https%3A\/\/api.soundcloud.com\/tracks\/1691075967%3Fsecret_token%3Ds-W05cBsdwNyv&#038;color=%23ff5500&#038;auto_play=false&#038;hide_related=false&#038;show_comments=true&#038;show_user=true&#038;show_reposts=false&#038;show_teaser=true\"><\/iframe><\/p>\n<div style=\"font-size: 10px; color: #cccccc;line-break: anywhere;word-break: normal;overflow: hidden;white-space: nowrap;text-overflow: ellipsis; font-family: Interstate,Lucida Grande,Lucida Sans Unicode,Lucida Sans,Garuda,Verdana,Tahoma,sans-serif;font-weight: 100;\"><a href=\"https:\/\/soundcloud.com\/der-das-kfmw-ak\" title=\"KFMW Adventskalender\" target=\"_blank\" style=\"color: #cccccc; text-decoration: none;\" rel=\"noopener\">KFMW Adventskalender<\/a> \u00b7 <a href=\"https:\/\/soundcloud.com\/der-das-kfmw-ak\/2023-15-herr-van-bohm-spruhsahne-aufm-kopf\/s-W05cBsdwNyv\" title=\"2023 #15: Herr van Bohm - Spr\u00fchsahne aufm Kopf\" target=\"_blank\" style=\"color: #cccccc; text-decoration: none;\" rel=\"noopener\">2023 #15: Herr van Bohm &#8211; Spr\u00fchsahne aufm Kopf<\/a><\/div>\n<p><strong>Style:<\/strong> Punk<br \/>\n<strong>Length: <\/strong>01:13:01<br \/>\n<strong>Quality: <\/strong>320 kBit\/s<\/p>\n<p><strong>Tracklist:<\/strong><br \/>\n1.\u2060 \u2060Herr von Grau &#8211; Klebeband<br \/>\n2.\u2060 \u2060Einst\u00fcrzende Neubauten &#8211; Die Wellen<br \/>\n3.\u2060 \u2060Sophie Hunger &#8211; Halluzinationen<br \/>\n4.\u2060 \u2060Abw\u00e4rts &#8211; Computerstaat<br \/>\n5.\u2060 \u2060System Schei\u00dfe &#8211; FA<br \/>\n6.\u2060 \u2060Fortuna Ehrenfeld &#8211; Das ist Punk, das raffst du nie!<br \/>\n7.\u2060 \u2060Die fantastischen 4 &#8211; Krieger<br \/>\n8.\u2060 \u2060Turbostaat &#8211; Pennen bei Glufke<br \/>\n9.\u2060 \u2060Feine Sahne Fischfilet &#8211; Brennen<br \/>\n10.\u2060 \u2060Tex &#8211; Zauberland (Rio Reiser)<br \/>\n11.\u2060 \u2060International Music &#8211; Du Hund<br \/>\n12.\u2060 \u2060Maike Rosa Vogel &#8211; So hab ich dich bei mir<br \/>\n13.\u2060 \u2060Die goldenen Zitronen &#8211; Am Tag als Thomas Anders starb<br \/>\n14.\u2060 \u2060Isolation Berlin &#8211; Serotonin<br \/>\n15.\u2060 \u2060Fehlfarben &#8211; Paul ist tot<br \/>\n16.\u2060 \u2060Marius M\u00fcller Westernhagen &#8211; Johnny Walker (Woodstock Recording Experiment)<br \/>\n17.\u2060 \u2060TNT &#8211; Z\u00fcri br\u00e4nnt!<br \/>\n18.\u2060 \u2060Franz Hohler &#8211; Der Weltuntergang<br \/>\n19.\u2060 \u2060The one and only Helge &#8211; Meisenman<\/p>\n<p>Alle der diesj\u00e4hrigen Kalendermixe finden sich <a href=\"https:\/\/www.kraftfuttermischwerk.de\/blogg\/tag\/ak2023\/\">hier<\/a>.<\/p>\n","protected":false},"excerpt":{"rendered":"<p>Heute ist Gebohmstag und ganz doll rein zuf\u00e4llig, ist Herr van Bohm heute Nacht hier gelandet, alles ist eskaliert und irgendwie ist alles viel zu&#8230;<\/p>\n<div class=\"more-link-wrapper\"><a class=\"more-link\" href=\"https:\/\/www.kraftfuttermischwerk.de\/blogg\/adventskalender-2023-tuerchen-15-herr-van-bohm-spruehsahne-aufm-kopf\/\">Mehr lesen -&gt;<span class=\"screen-reader-text\">Adventskalender 2023, T\u00fcrchen #15: Herr van Bohm &#8211; Spr\u00fchsahne aufm Kopf<\/span><\/a><\/div>\n","protected":false},"author":1,"featured_media":195012,"comment_status":"open","ping_status":"open","sticky":false,"template":"","format":"standard","meta":{"jetpack_post_was_ever_published":false,"_jetpack_newsletter_access":"","_jetpack_dont_email_post_to_subs":false,"_jetpack_newsletter_tier_id":0,"_jetpack_memberships_contains_paywalled_content":false,"_jetpack_memberships_contains_paid_content":false,"footnotes":""},"categories":[23,9600,5],"tags":[4357,9606,382,7840,846],"class_list":["post-195011","post","type-post","status-publish","format-standard","has-post-thumbnail","hentry","category-adventskalender","category-adventskalender-2023","category-musik","tag-adventskalender","tag-ak2023","tag-dj-mix","tag-herr-van-bohm","tag-punk","entry"],"jetpack_featured_media_url":"https:\/\/www.kraftfuttermischwerk.de\/blogg\/wp-content\/uploads2\/2023\/12\/kachel15.jpg","jetpack_shortlink":"https:\/\/wp.me\/pXEnA-OJl","jetpack-related-posts":[],"jetpack_sharing_enabled":true,"_links":{"self":[{"href":"https:\/\/www.kraftfuttermischwerk.de\/blogg\/wp-json\/wp\/v2\/posts\/195011","targetHints":{"allow":["GET"]}}],"collection":[{"href":"https:\/\/www.kraftfuttermischwerk.de\/blogg\/wp-json\/wp\/v2\/posts"}],"about":[{"href":"https:\/\/www.kraftfuttermischwerk.de\/blogg\/wp-json\/wp\/v2\/types\/post"}],"author":[{"embeddable":true,"href":"https:\/\/www.kraftfuttermischwerk.de\/blogg\/wp-json\/wp\/v2\/users\/1"}],"replies":[{"embeddable":true,"href":"https:\/\/www.kraftfuttermischwerk.de\/blogg\/wp-json\/wp\/v2\/comments?post=195011"}],"version-history":[{"count":6,"href":"https:\/\/www.kraftfuttermischwerk.de\/blogg\/wp-json\/wp\/v2\/posts\/195011\/revisions"}],"predecessor-version":[{"id":195034,"href":"https:\/\/www.kraftfuttermischwerk.de\/blogg\/wp-json\/wp\/v2\/posts\/195011\/revisions\/195034"}],"wp:featuredmedia":[{"embeddable":true,"href":"https:\/\/www.kraftfuttermischwerk.de\/blogg\/wp-json\/wp\/v2\/media\/195012"}],"wp:attachment":[{"href":"https:\/\/www.kraftfuttermischwerk.de\/blogg\/wp-json\/wp\/v2\/media?parent=195011"}],"wp:term":[{"taxonomy":"category","embeddable":true,"href":"https:\/\/www.kraftfuttermischwerk.de\/blogg\/wp-json\/wp\/v2\/categories?post=195011"},{"taxonomy":"post_tag","embeddable":true,"href":"https:\/\/www.kraftfuttermischwerk.de\/blogg\/wp-json\/wp\/v2\/tags?post=195011"}],"curies":[{"name":"wp","href":"https:\/\/api.w.org\/{rel}","templated":true}]}}