{"id":1958,"date":"2006-08-14T13:55:00","date_gmt":"2006-08-14T12:55:00","guid":{"rendered":"http:\/\/www.kraftfuttermischwerk.de\/blogg\/?p=1958"},"modified":"2006-08-14T13:55:00","modified_gmt":"2006-08-14T12:55:00","slug":"wer-haette-gedacht","status":"publish","type":"post","link":"https:\/\/www.kraftfuttermischwerk.de\/blogg\/wer-haette-gedacht\/","title":{"rendered":"Wer h\u00e4tte gedacht,"},"content":{"rendered":"<div align=\"justify\">dass eine Tour unter den Umst\u00e4nden dermassen Spass machen kann? Ich jedenfalls nicht!<br \/>Jeder der Teilnehmer hatte pro Tag einen Euro als Verpflegungsgeld zur Verf\u00fcgung. Alles was wir beihatten, war ein Sack Kartoffeln, eine T\u00fcte Reis, eine T\u00fcte Nudeln, Erbsen, Salz, Pfeffer, Curry und ein Glas Honig. Das musste reichen f\u00fcr eine Woche &#8222;Padelo Extremo&#8220;. Der Rest, den man zwangsl\u00e4ufig brauch, um 9 Leute satt zu kriegen, musste \u00fcber den o.g. Euro beschafft werden. Au\u00dferdem gab es die M\u00f6lglichkeit in einigen D\u00f6rfern an den T\u00fcren zu klingeln und seine Arbeit im Tausch gegen etwas Essbares anzubieten. Diese Variante \u00fcberliessen wir allerdings den Teilnehmern, denn die wollten ja schliesslich mitkommen. Es war verbl\u00fcffend, was die Menschen zu geben bereit sind und somit, waren alle Mahlzeiten t\u00e4glich schnell zusammengetragen, so dass alle Mann satt wurden. Und das wohlgemerkt 3 mal t\u00e4glich. Fr\u00fchst\u00fcck, Vesper, und ein warmes Abendbrot gab es also immer. Und das ohne je mehr als 9 \u20ac am Tag daf\u00fcr auszugeben. Es war auch nicht so, dass wir wirklich Verzicht haben \u00fcben m\u00fcssen. So gab es Morgens \u00fcber dem Feuer aufgebackene Br\u00f6tchen, Kaffee, Nachmittags eine ordentliche Brotzeit und Abends dann Leckereien wie Erbsensuppe, Nudeln mit Tomatensosse oder R\u00fchreier mit W\u00fcrstchen an Curryreis. Auch einen Gurkensalat konnten wir geniessen. Es war also essenstechnisch fast wie zu hause, ausser das eben alles am Feuer zubereitet werden musste, was dem geschmacklichen allerdings keinen Abbruch tat. Geschlafen wurde immer unter freiem Himmel, da dass Biwakieren im Gegensatz zum Campieren \u00fcberall erlaubt ist. Gewaschen haben wir &#8211; als Betreuer &#8211; uns in der Spree. Die Kids hingegen schienen das allesamt nicht f\u00fcr n\u00f6tig zu halten ;) So war die Woche \u00e4u\u00dferst schnell vorbei und ganz nebenbei sind wir dann auch noch gut 50 km mit dem Kanu die <a href=\"http:\/\/de.wikipedia.org\/wiki\/M\u00c3\u00bcggelspree\">M\u00fcggelspree<\/a> herunter gepaddelt, was an Eindr\u00fccken kaum zu toppen ist. \u00c4u\u00dferst nat\u00fcrlich ist diese belassen und bis zum Eingang in Berlin frei von Motor, &#8211; oder Segelbooten, was daf\u00fcr sorgt, dass es an einigen Stellen dort recht urw\u00fcchsig aussieht! Herrlich! Ruhig, stressfrei, ja fast schon Urlaub! Im n\u00e4chsten Jahr das Ganze dann gerne wieder. Allerdings werden wir dann nicht mit Kanu\u00b4s fahren sondern eigens daf\u00fcr ein Floss bauen. Die Bedingungen zur Versorgung hingegen werden die selben sein ;o)<br \/>Hier noch ein paar bilder&#8230;<br \/><img decoding=\"async\" src=\"https:\/\/www.kraftfuttermischwerk.de\/blog\/spree.jpg\" \/><\/p>\n<img decoding=\"async\" src=\"https:\/\/www.kraftfuttermischwerk.de\/blog\/spree3.jpg\" \/>\n<img decoding=\"async\" src=\"https:\/\/www.kraftfuttermischwerk.de\/blog\/spree4.jpg\" \/>\n<img decoding=\"async\" src=\"https:\/\/www.kraftfuttermischwerk.de\/blog\/spree_marco.jpg\" \/>\n<img decoding=\"async\" src=\"https:\/\/www.kraftfuttermischwerk.de\/blog\/kaffee.jpg\" \/><p><br \/>Der morgendliche Kaffee!<br \/><img decoding=\"async\" src=\"https:\/\/www.kraftfuttermischwerk.de\/blog\/full_mooon.jpg\" \/><br \/>Unsere Gute-Nacht-Lampe.<br \/><img decoding=\"async\" src=\"https:\/\/www.kraftfuttermischwerk.de\/blog\/spree1.jpg\" \/><\/p>\n<p><img decoding=\"async\" src=\"https:\/\/www.kraftfuttermischwerk.de\/blog\/spree2.jpg\" \/><\/div>\n","protected":false},"excerpt":{"rendered":"<p>dass eine Tour unter den Umst\u00e4nden dermassen Spass machen kann? Ich jedenfalls nicht!Jeder der Teilnehmer hatte pro Tag einen Euro als Verpflegungsgeld zur Verf\u00fcgung. Alles&#8230;<\/p>\n<div class=\"more-link-wrapper\"><a class=\"more-link\" href=\"https:\/\/www.kraftfuttermischwerk.de\/blogg\/wer-haette-gedacht\/\">Mehr lesen -&gt;<span class=\"screen-reader-text\">Wer h\u00e4tte gedacht,<\/span><\/a><\/div>\n","protected":false},"author":1,"featured_media":0,"comment_status":"open","ping_status":"open","sticky":false,"template":"","format":"standard","meta":{"jetpack_post_was_ever_published":false,"_jetpack_newsletter_access":"","_jetpack_dont_email_post_to_subs":false,"_jetpack_newsletter_tier_id":0,"_jetpack_memberships_contains_paywalled_content":false,"_jetpack_memberships_contains_paid_content":false,"footnotes":""},"categories":[1],"tags":[],"class_list":["post-1958","post","type-post","status-publish","format-standard","hentry","category-nur-mal-so","entry"],"jetpack_featured_media_url":"","jetpack_shortlink":"https:\/\/wp.me\/pXEnA-vA","jetpack-related-posts":[],"jetpack_sharing_enabled":true,"_links":{"self":[{"href":"https:\/\/www.kraftfuttermischwerk.de\/blogg\/wp-json\/wp\/v2\/posts\/1958","targetHints":{"allow":["GET"]}}],"collection":[{"href":"https:\/\/www.kraftfuttermischwerk.de\/blogg\/wp-json\/wp\/v2\/posts"}],"about":[{"href":"https:\/\/www.kraftfuttermischwerk.de\/blogg\/wp-json\/wp\/v2\/types\/post"}],"author":[{"embeddable":true,"href":"https:\/\/www.kraftfuttermischwerk.de\/blogg\/wp-json\/wp\/v2\/users\/1"}],"replies":[{"embeddable":true,"href":"https:\/\/www.kraftfuttermischwerk.de\/blogg\/wp-json\/wp\/v2\/comments?post=1958"}],"version-history":[{"count":0,"href":"https:\/\/www.kraftfuttermischwerk.de\/blogg\/wp-json\/wp\/v2\/posts\/1958\/revisions"}],"wp:attachment":[{"href":"https:\/\/www.kraftfuttermischwerk.de\/blogg\/wp-json\/wp\/v2\/media?parent=1958"}],"wp:term":[{"taxonomy":"category","embeddable":true,"href":"https:\/\/www.kraftfuttermischwerk.de\/blogg\/wp-json\/wp\/v2\/categories?post=1958"},{"taxonomy":"post_tag","embeddable":true,"href":"https:\/\/www.kraftfuttermischwerk.de\/blogg\/wp-json\/wp\/v2\/tags?post=1958"}],"curies":[{"name":"wp","href":"https:\/\/api.w.org\/{rel}","templated":true}]}}