{"id":19593,"date":"2010-11-10T00:33:01","date_gmt":"2010-11-09T23:33:01","guid":{"rendered":"http:\/\/www.kraftfuttermischwerk.de\/blogg\/?p=19593"},"modified":"2010-11-10T00:34:58","modified_gmt":"2010-11-09T23:34:58","slug":"doku-die-rebellen-aus-der-vorstadt","status":"publish","type":"post","link":"https:\/\/www.kraftfuttermischwerk.de\/blogg\/doku-die-rebellen-aus-der-vorstadt\/","title":{"rendered":"Doku: Die Rebellen aus der Vorstadt"},"content":{"rendered":"<p>Hass war ein Film, das hier ist gelebte Realit\u00e4t. <\/p>\n<blockquote><p>Clichy-sous-Bois\/Ile de France: Am 27. Oktober 2005 suchten drei Jugendliche, die von der Polizei verfolgt wurden, in einem Umspannwerk Zuflucht. Zwei von ihnen starben an Stromschl\u00e4gen, der dritte erlitt schwere Verbrennungen. Wenige Stunden sp\u00e4ter kam es \u00fcberall in Frankreich zu Aufst\u00e4nden bisher ungekannten Ausma\u00dfes, die in den kommenden Tagen weltweit f\u00fcr Schlagzeilen sorgten.<br \/>\nEs gab viele untaugliche Erkl\u00e4rungsversuche f\u00fcr diese Aufst\u00e4nde: Manche glaubten, die Revolution stehe unmittelbar vor der T\u00fcr, andere sahen darin eine islamistisch motivierte Revolte, wieder andere vermuteten, Bandenk\u00e4mpfe oder das Werk von Drogenbossen.<br \/>\nDie Medien, die Politiker, die Polizei und sogenannte Sachverst\u00e4ndige haben zu oft zur Vereinfachung der Debatte beigetragen und die Menschen in den betroffenen Vorst\u00e4dten zum Schweigen verurteilt. Diese Dokumentation will sie endlich zu Wort kommen lassen: die Rebellen von gestern und heute, ihre Eltern, ihre Erzieher und die lokalen Akteure.<br \/>\nMoussa, Mara, Paul und Penda leben in Villiers-sur-Marne im Viertel Hautes Noues: eine Vorstadt gepr\u00e4gt von urbaner Fehlplanung, von Armut und hoher Jugendarbeitslosigkeit. Sie reden \u00fcber ihre Wut und ihre Verzweiflung &#8211; und \u00fcber ihre Rebellion.<\/p><\/blockquote>\n<p><object classid=\"clsid:D27CDB6E-AE6D-11cf-96B8-444553540000\" codebase=\"http:\/\/download.macromedia.com\/pub\/shockwave\/cabs\/flash\/swflash.cab#version=10,0,0,0\" id=\"playerArte\" allowScriptAccess=\"always\" width=\"640\" height=\"410\" ><param name=\"allowFullScreen\" value=\"true\" \/><param name=\"allowScriptAccess\" value=\"always\" \/><param name=\"quality\" value=\"high\"><param name=\"movie\" value=\"http:\/\/videos.arte.tv\/videoplayer.swf?autoPlay=true&#038;localizedPathUrl=http%3A%2F%2Fvideos%2Earte%2Etv%2Fcae%2Fstatic%2Fflash%2Fplayer%2F&#038;mode=prod&#038;configFileUrl=http%3A%2F%2Fvideos%2Earte%2Etv%2Fcae%2Fstatic%2Fflash%2Fplayer%2Fconfig%2Exml&#038;videoId=3515282&#038;lang=de&#038;videorefFileUrl=http%3A%2F%2Fvideos%2Earte%2Etv%2Fde%2Fdo%5Fdelegate%2Fvideos%2Fdie%5Frebellen%5Faus%5Fder%5Fvorstadt%2D3515282%2Cview%2CasPlayerXml%2Exml&#038;admin=false&#038;embed=true&#038;autoPlay=false\"><\/object><br \/>\n<small>(<a href=\"http:\/\/videos.arte.tv\/de\/videos\/die_rebellen_aus_der_vorstadt-3515282.html\">Direktlink<\/a>)<\/small><\/p>\n","protected":false},"excerpt":{"rendered":"<p>Hass war ein Film, das hier ist gelebte Realit\u00e4t. Clichy-sous-Bois\/Ile de France: Am 27. Oktober 2005 suchten drei Jugendliche, die von der Polizei verfolgt wurden,&#8230;<\/p>\n<div class=\"more-link-wrapper\"><a class=\"more-link\" href=\"https:\/\/www.kraftfuttermischwerk.de\/blogg\/doku-die-rebellen-aus-der-vorstadt\/\">Mehr lesen -&gt;<span class=\"screen-reader-text\">Doku: Die Rebellen aus der Vorstadt<\/span><\/a><\/div>\n","protected":false},"author":1,"featured_media":0,"comment_status":"open","ping_status":"open","sticky":false,"template":"","format":"standard","meta":{"jetpack_post_was_ever_published":false,"_jetpack_newsletter_access":"","_jetpack_dont_email_post_to_subs":false,"_jetpack_newsletter_tier_id":0,"_jetpack_memberships_contains_paywalled_content":false,"_jetpack_memberships_contains_paid_content":false,"footnotes":""},"categories":[19],"tags":[],"class_list":["post-19593","post","type-post","status-publish","format-standard","hentry","category-doku","entry"],"jetpack_featured_media_url":"","jetpack_shortlink":"https:\/\/wp.me\/pXEnA-561","jetpack-related-posts":[],"jetpack_sharing_enabled":true,"_links":{"self":[{"href":"https:\/\/www.kraftfuttermischwerk.de\/blogg\/wp-json\/wp\/v2\/posts\/19593","targetHints":{"allow":["GET"]}}],"collection":[{"href":"https:\/\/www.kraftfuttermischwerk.de\/blogg\/wp-json\/wp\/v2\/posts"}],"about":[{"href":"https:\/\/www.kraftfuttermischwerk.de\/blogg\/wp-json\/wp\/v2\/types\/post"}],"author":[{"embeddable":true,"href":"https:\/\/www.kraftfuttermischwerk.de\/blogg\/wp-json\/wp\/v2\/users\/1"}],"replies":[{"embeddable":true,"href":"https:\/\/www.kraftfuttermischwerk.de\/blogg\/wp-json\/wp\/v2\/comments?post=19593"}],"version-history":[{"count":0,"href":"https:\/\/www.kraftfuttermischwerk.de\/blogg\/wp-json\/wp\/v2\/posts\/19593\/revisions"}],"wp:attachment":[{"href":"https:\/\/www.kraftfuttermischwerk.de\/blogg\/wp-json\/wp\/v2\/media?parent=19593"}],"wp:term":[{"taxonomy":"category","embeddable":true,"href":"https:\/\/www.kraftfuttermischwerk.de\/blogg\/wp-json\/wp\/v2\/categories?post=19593"},{"taxonomy":"post_tag","embeddable":true,"href":"https:\/\/www.kraftfuttermischwerk.de\/blogg\/wp-json\/wp\/v2\/tags?post=19593"}],"curies":[{"name":"wp","href":"https:\/\/api.w.org\/{rel}","templated":true}]}}