{"id":19613,"date":"2010-11-10T23:24:31","date_gmt":"2010-11-10T22:24:31","guid":{"rendered":"http:\/\/www.kraftfuttermischwerk.de\/blogg\/?p=19613"},"modified":"2010-11-10T23:24:31","modified_gmt":"2010-11-10T22:24:31","slug":"doku-fur-eine-andere-welt","status":"publish","type":"post","link":"https:\/\/www.kraftfuttermischwerk.de\/blogg\/doku-fur-eine-andere-welt\/","title":{"rendered":"Doku: F\u00fcr eine andere Welt"},"content":{"rendered":"<p>Gro\u00dfartige Dokumentation \u00fcber den Zorn und den daraus entstehenden Hang zur Rebellion von Jugendlichen in dieser Welt. F\u00fcr sieben Tage auf arte+7.<\/p>\n<blockquote><p>Griechenland, Frankreich, D\u00e4nemark, Brasilien oder China &#8211; \u00fcberall auf der Welt regt sich entschiedener Widerstand. Hier der Zorn der Jugendlichen, dort die Kritik an den gesellschaftlichen Verh\u00e4ltnissen, der Aufstand der vom System Ausgeschlossenen.<br \/>\nNie zuvor war der Geist der Revolte so stark und so verbreitet. Allein im Jahr 2009 wurden weltweit 524 Aufst\u00e4nde gez\u00e4hlt, und fast ein Drittel davon fand in Europa statt. Alle Proteste werden von jungen Menschen getragen, die ihrem Unmut \u00fcber die Globalisierung Luft machen wollen.<\/p><\/blockquote>\n<p><object classid=\"clsid:D27CDB6E-AE6D-11cf-96B8-444553540000\" codebase=\"http:\/\/download.macromedia.com\/pub\/shockwave\/cabs\/flash\/swflash.cab#version=10,0,0,0\" id=\"playerArte\" allowScriptAccess=\"always\" width=\"640\" height=\"410\" ><param name=\"allowFullScreen\" value=\"true\" \/><param name=\"allowScriptAccess\" value=\"always\" \/><param name=\"quality\" value=\"high\"><param name=\"movie\" value=\"http:\/\/videos.arte.tv\/videoplayer.swf?autoPlay=true&#038;localizedPathUrl=http%3A%2F%2Fvideos%2Earte%2Etv%2Fcae%2Fstatic%2Fflash%2Fplayer%2F&#038;mode=prod&#038;configFileUrl=http%3A%2F%2Fvideos%2Earte%2Etv%2Fcae%2Fstatic%2Fflash%2Fplayer%2Fconfig%2Exml&#038;videoId=3515288&#038;lang=de&#038;videorefFileUrl=http%3A%2F%2Fvideos%2Earte%2Etv%2Fde%2Fdo%5Fdelegate%2Fvideos%2Ffuer%5Feine%5Fandere%5Fwelt%2D3515288%2Cview%2CasPlayerXml%2Exml&#038;admin=false&#038;embed=true&#038;autoPlay=false\"><\/object><br \/>\n<small>(<a href=\"http:\/\/videos.arte.tv\/de\/videos\/fuer_eine_andere_welt-3515288.html\">Direktlink<\/a>)<\/small><\/p>\n","protected":false},"excerpt":{"rendered":"<p>Gro\u00dfartige Dokumentation \u00fcber den Zorn und den daraus entstehenden Hang zur Rebellion von Jugendlichen in dieser Welt. F\u00fcr sieben Tage auf arte+7. Griechenland, Frankreich, D\u00e4nemark,&#8230;<\/p>\n<div class=\"more-link-wrapper\"><a class=\"more-link\" href=\"https:\/\/www.kraftfuttermischwerk.de\/blogg\/doku-fur-eine-andere-welt\/\">Mehr lesen -&gt;<span class=\"screen-reader-text\">Doku: F\u00fcr eine andere Welt<\/span><\/a><\/div>\n","protected":false},"author":1,"featured_media":0,"comment_status":"open","ping_status":"open","sticky":false,"template":"","format":"standard","meta":{"jetpack_post_was_ever_published":false,"_jetpack_newsletter_access":"","_jetpack_dont_email_post_to_subs":false,"_jetpack_newsletter_tier_id":0,"_jetpack_memberships_contains_paywalled_content":false,"_jetpack_memberships_contains_paid_content":false,"footnotes":""},"categories":[19],"tags":[],"class_list":["post-19613","post","type-post","status-publish","format-standard","hentry","category-doku","entry"],"jetpack_featured_media_url":"","jetpack_shortlink":"https:\/\/wp.me\/pXEnA-56l","jetpack-related-posts":[],"jetpack_sharing_enabled":true,"_links":{"self":[{"href":"https:\/\/www.kraftfuttermischwerk.de\/blogg\/wp-json\/wp\/v2\/posts\/19613","targetHints":{"allow":["GET"]}}],"collection":[{"href":"https:\/\/www.kraftfuttermischwerk.de\/blogg\/wp-json\/wp\/v2\/posts"}],"about":[{"href":"https:\/\/www.kraftfuttermischwerk.de\/blogg\/wp-json\/wp\/v2\/types\/post"}],"author":[{"embeddable":true,"href":"https:\/\/www.kraftfuttermischwerk.de\/blogg\/wp-json\/wp\/v2\/users\/1"}],"replies":[{"embeddable":true,"href":"https:\/\/www.kraftfuttermischwerk.de\/blogg\/wp-json\/wp\/v2\/comments?post=19613"}],"version-history":[{"count":0,"href":"https:\/\/www.kraftfuttermischwerk.de\/blogg\/wp-json\/wp\/v2\/posts\/19613\/revisions"}],"wp:attachment":[{"href":"https:\/\/www.kraftfuttermischwerk.de\/blogg\/wp-json\/wp\/v2\/media?parent=19613"}],"wp:term":[{"taxonomy":"category","embeddable":true,"href":"https:\/\/www.kraftfuttermischwerk.de\/blogg\/wp-json\/wp\/v2\/categories?post=19613"},{"taxonomy":"post_tag","embeddable":true,"href":"https:\/\/www.kraftfuttermischwerk.de\/blogg\/wp-json\/wp\/v2\/tags?post=19613"}],"curies":[{"name":"wp","href":"https:\/\/api.w.org\/{rel}","templated":true}]}}