{"id":1981,"date":"2006-09-01T12:51:00","date_gmt":"2006-09-01T11:51:00","guid":{"rendered":"http:\/\/www.kraftfuttermischwerk.de\/blogg\/?p=1981"},"modified":"2006-09-01T12:51:00","modified_gmt":"2006-09-01T11:51:00","slug":"das-gefuehl","status":"publish","type":"post","link":"https:\/\/www.kraftfuttermischwerk.de\/blogg\/das-gefuehl\/","title":{"rendered":"\u00bbDas Gef\u00fchl,"},"content":{"rendered":"<div align=\"justify\"><em>es explodiert einem der Kopf. Das Gef\u00fchl, die Sch\u00e4deldecke m\u00fcsste eigentlich zerrei\u00dfen, abplatzen. Das Gef\u00fchl, es w\u00fcrde einem das R\u00fcckenmark ins Gehirn gepresst&#8230; Das Gef\u00fchl, die Zelle f\u00e4hrt. Man wacht auf, macht die Augen auf: die Zelle f\u00e4hrt, nachmittags, wenn die Sonne reinscheint, bleibt sie pl\u00f6tzlich stehen. Man kann das Gef\u00fchl des Fahrens nicht absetzen. Rasende Aggressivit\u00e4t, f\u00fcr die es kein Ventil gibt. Das ist das Schlimmste. Klares Bewusstsein, dass man keine \u00dcberlebenschance hat. V\u00f6lliges Scheitern, das zu vermitteln. &#8230; Das Gef\u00fchl, Zeit und Raum sind ineinander verschachtelt&#8230; \u00ab <\/em><br \/><span style=\"font-size:85%;\"><span style=\"font-size:78%;\">Ulrike Meinhof in ihrer Zelle der Vollzugsanstalt Ossendorf.<\/span> <\/span><\/div>\n<div align=\"justify\"><span style=\"font-size:85%;\"><br \/><\/span>Fernsehen kann tats\u00e4chlich auch Sinn machen. So wie gestern im <a href=\"http:\/\/www.daserste.de\/\">Ersten<\/a>. Da n\u00e4mlich lief eine <a href=\"http:\/\/www.das-erste.de\/doku\/beitrag_dyn~uid,n0hwtlvixpflnruw~cm.asp\">Doku<\/a> \u00fcber das Leben von <a href=\"http:\/\/de.wikipedia.org\/wiki\/Ulrike_Meinhof\">Ulrike Meinhof<\/a>, nicht die beste, und dennoch nicht schlecht war diese.<\/div>\n<div align=\"justify\">Schade nur, dass so manche Fragen die man gern beantwortet wissen w\u00fcrde, nicht gestellt worden sind.  <\/div>\n","protected":false},"excerpt":{"rendered":"<p>es explodiert einem der Kopf. Das Gef\u00fchl, die Sch\u00e4deldecke m\u00fcsste eigentlich zerrei\u00dfen, abplatzen. Das Gef\u00fchl, es w\u00fcrde einem das R\u00fcckenmark ins Gehirn gepresst&#8230; Das Gef\u00fchl,&#8230;<\/p>\n<div class=\"more-link-wrapper\"><a class=\"more-link\" href=\"https:\/\/www.kraftfuttermischwerk.de\/blogg\/das-gefuehl\/\">Mehr lesen -&gt;<span class=\"screen-reader-text\">\u00bbDas Gef\u00fchl,<\/span><\/a><\/div>\n","protected":false},"author":1,"featured_media":0,"comment_status":"open","ping_status":"open","sticky":false,"template":"","format":"standard","meta":{"jetpack_post_was_ever_published":false,"_jetpack_newsletter_access":"","_jetpack_dont_email_post_to_subs":false,"_jetpack_newsletter_tier_id":0,"_jetpack_memberships_contains_paywalled_content":false,"_jetpack_memberships_contains_paid_content":false,"footnotes":""},"categories":[1],"tags":[],"class_list":["post-1981","post","type-post","status-publish","format-standard","hentry","category-nur-mal-so","entry"],"jetpack_featured_media_url":"","jetpack_shortlink":"https:\/\/wp.me\/pXEnA-vX","jetpack-related-posts":[],"jetpack_sharing_enabled":true,"_links":{"self":[{"href":"https:\/\/www.kraftfuttermischwerk.de\/blogg\/wp-json\/wp\/v2\/posts\/1981","targetHints":{"allow":["GET"]}}],"collection":[{"href":"https:\/\/www.kraftfuttermischwerk.de\/blogg\/wp-json\/wp\/v2\/posts"}],"about":[{"href":"https:\/\/www.kraftfuttermischwerk.de\/blogg\/wp-json\/wp\/v2\/types\/post"}],"author":[{"embeddable":true,"href":"https:\/\/www.kraftfuttermischwerk.de\/blogg\/wp-json\/wp\/v2\/users\/1"}],"replies":[{"embeddable":true,"href":"https:\/\/www.kraftfuttermischwerk.de\/blogg\/wp-json\/wp\/v2\/comments?post=1981"}],"version-history":[{"count":0,"href":"https:\/\/www.kraftfuttermischwerk.de\/blogg\/wp-json\/wp\/v2\/posts\/1981\/revisions"}],"wp:attachment":[{"href":"https:\/\/www.kraftfuttermischwerk.de\/blogg\/wp-json\/wp\/v2\/media?parent=1981"}],"wp:term":[{"taxonomy":"category","embeddable":true,"href":"https:\/\/www.kraftfuttermischwerk.de\/blogg\/wp-json\/wp\/v2\/categories?post=1981"},{"taxonomy":"post_tag","embeddable":true,"href":"https:\/\/www.kraftfuttermischwerk.de\/blogg\/wp-json\/wp\/v2\/tags?post=1981"}],"curies":[{"name":"wp","href":"https:\/\/api.w.org\/{rel}","templated":true}]}}