{"id":199946,"date":"2024-05-27T15:52:57","date_gmt":"2024-05-27T13:52:57","guid":{"rendered":"https:\/\/www.kraftfuttermischwerk.de\/blogg\/?p=199946"},"modified":"2024-05-27T15:52:57","modified_gmt":"2024-05-27T13:52:57","slug":"doku-zeigt-originalaufnahmen-erstmals-in-farbe-24h-d-day","status":"publish","type":"post","link":"https:\/\/www.kraftfuttermischwerk.de\/blogg\/doku-zeigt-originalaufnahmen-erstmals-in-farbe-24h-d-day\/","title":{"rendered":"Doku zeigt Originalaufnahmen erstmals in Farbe: 24h D-Day"},"content":{"rendered":"<a href=\"https:\/\/www.ardmediathek.de\/video\/ard-history\/24-h-d-day\/das-erste\/Y3JpZDovL2Rhc2Vyc3RlLmRlL2dlc2NoaWNodGUtaW0tZXJzdGVuLzIwMjQtMDUtMjdfMjAtMTUtTUVTWg\"><img loading=\"lazy\" decoding=\"async\" src=\"https:\/\/www.kraftfuttermischwerk.de\/blogg\/wp-content\/uploads2\/2024\/05\/teaserbild-24-h-d-day-100_v-varxl.jpg\" alt=\"\" width=\"1280\" height=\"720\" class=\"alignnone size-full wp-image-199948\" srcset=\"https:\/\/www.kraftfuttermischwerk.de\/blogg\/wp-content\/uploads2\/2024\/05\/teaserbild-24-h-d-day-100_v-varxl.jpg 1280w, https:\/\/www.kraftfuttermischwerk.de\/blogg\/wp-content\/uploads2\/2024\/05\/teaserbild-24-h-d-day-100_v-varxl-300x169.jpg 300w, https:\/\/www.kraftfuttermischwerk.de\/blogg\/wp-content\/uploads2\/2024\/05\/teaserbild-24-h-d-day-100_v-varxl-600x338.jpg 600w, https:\/\/www.kraftfuttermischwerk.de\/blogg\/wp-content\/uploads2\/2024\/05\/teaserbild-24-h-d-day-100_v-varxl-768x432.jpg 768w\" sizes=\"auto, (max-width: 1280px) 100vw, 1280px\" \/><\/a>\n<p>Heute um 20:15 Uhr im Ersten: kolorierte Originalaufnahmen und Stimmen von M\u00e4nnern, die damals am D-Day dabei waren. Schon jetzt <a href=\"https:\/\/www.ardmediathek.de\/video\/ard-history\/24-h-d-day\/das-erste\/Y3JpZDovL2Rhc2Vyc3RlLmRlL2dlc2NoaWNodGUtaW0tZXJzdGVuLzIwMjQtMDUtMjdfMjAtMTUtTUVTWg\">in der ARD-Mediathek<\/a>. <\/p>\n<blockquote><p>Der D-Day markiert den Startschuss zur Befreiung Westeuropas aus dem Griff der Naziherrschaft. Am 6. Juni 1944 greifen alliierte Soldaten deutsche Stellungen an gleich f\u00fcnf Strandabschnitten in der Normandie an. Der Angriff erfolgt von See aus und gilt als das gr\u00f6\u00dfte amphibische Ladungsunternehmen der Geschichte . Dieses Ereignis j\u00e4hrt sich nun zum 80. mal.<br \/>\nDoch so nah, so authentisch wurde diese Schlacht noch nie gezeigt. Amerikanische und britische Kameraleute sind in Landungsbooten, bei  Beschuss am Strand und bei der Rettung Verletzter dabei. Ihr Originalmaterial, gedreht in schwarz-wei\u00df, wurde f\u00fcr diese Dokumentation aufwendig  bearbeitet und koloriert. Die historisch einzigartigen Aufnahmen erscheinen in Spielfilmqualit\u00e4t.<br \/>\nDer Krieg bekommt Farbe. Und damit eine andere Wirkung. Wir schauen direkt in die Gesichter derer, Amerikaner, Kanadier, Briten und Deutsche, die meisten nicht viel \u00e4lter als 20 Jahre. In \u201e 24 h D-Day\u201c erz\u00e4hlen sie ihren D-Day, den Tag den sie nie vergessen konnten. <\/p><\/blockquote>\n","protected":false},"excerpt":{"rendered":"<p>Heute um 20:15 Uhr im Ersten: kolorierte Originalaufnahmen und Stimmen von M\u00e4nnern, die damals am D-Day dabei waren. Schon jetzt in der ARD-Mediathek. Der D-Day&#8230;<\/p>\n<div class=\"more-link-wrapper\"><a class=\"more-link\" href=\"https:\/\/www.kraftfuttermischwerk.de\/blogg\/doku-zeigt-originalaufnahmen-erstmals-in-farbe-24h-d-day\/\">Mehr lesen -&gt;<span class=\"screen-reader-text\">Doku zeigt Originalaufnahmen erstmals in Farbe: 24h D-Day<\/span><\/a><\/div>\n","protected":false},"author":1,"featured_media":199948,"comment_status":"open","ping_status":"open","sticky":false,"template":"","format":"standard","meta":{"jetpack_post_was_ever_published":false,"_jetpack_newsletter_access":"","_jetpack_dont_email_post_to_subs":false,"_jetpack_newsletter_tier_id":0,"_jetpack_memberships_contains_paywalled_content":false,"_jetpack_memberships_contains_paid_content":false,"footnotes":""},"categories":[19,6],"tags":[7606,221,7192],"class_list":["post-199946","post","type-post","status-publish","format-standard","has-post-thumbnail","hentry","category-doku","category-alltaglicher-sinnwahn","tag-d-day","tag-documentary","tag-world-war","entry"],"jetpack_featured_media_url":"https:\/\/www.kraftfuttermischwerk.de\/blogg\/wp-content\/uploads2\/2024\/05\/teaserbild-24-h-d-day-100_v-varxl.jpg","jetpack_shortlink":"https:\/\/wp.me\/pXEnA-Q0W","jetpack-related-posts":[],"jetpack_sharing_enabled":true,"_links":{"self":[{"href":"https:\/\/www.kraftfuttermischwerk.de\/blogg\/wp-json\/wp\/v2\/posts\/199946","targetHints":{"allow":["GET"]}}],"collection":[{"href":"https:\/\/www.kraftfuttermischwerk.de\/blogg\/wp-json\/wp\/v2\/posts"}],"about":[{"href":"https:\/\/www.kraftfuttermischwerk.de\/blogg\/wp-json\/wp\/v2\/types\/post"}],"author":[{"embeddable":true,"href":"https:\/\/www.kraftfuttermischwerk.de\/blogg\/wp-json\/wp\/v2\/users\/1"}],"replies":[{"embeddable":true,"href":"https:\/\/www.kraftfuttermischwerk.de\/blogg\/wp-json\/wp\/v2\/comments?post=199946"}],"version-history":[{"count":3,"href":"https:\/\/www.kraftfuttermischwerk.de\/blogg\/wp-json\/wp\/v2\/posts\/199946\/revisions"}],"predecessor-version":[{"id":199950,"href":"https:\/\/www.kraftfuttermischwerk.de\/blogg\/wp-json\/wp\/v2\/posts\/199946\/revisions\/199950"}],"wp:featuredmedia":[{"embeddable":true,"href":"https:\/\/www.kraftfuttermischwerk.de\/blogg\/wp-json\/wp\/v2\/media\/199948"}],"wp:attachment":[{"href":"https:\/\/www.kraftfuttermischwerk.de\/blogg\/wp-json\/wp\/v2\/media?parent=199946"}],"wp:term":[{"taxonomy":"category","embeddable":true,"href":"https:\/\/www.kraftfuttermischwerk.de\/blogg\/wp-json\/wp\/v2\/categories?post=199946"},{"taxonomy":"post_tag","embeddable":true,"href":"https:\/\/www.kraftfuttermischwerk.de\/blogg\/wp-json\/wp\/v2\/tags?post=199946"}],"curies":[{"name":"wp","href":"https:\/\/api.w.org\/{rel}","templated":true}]}}