{"id":200020,"date":"2024-05-30T09:55:54","date_gmt":"2024-05-30T07:55:54","guid":{"rendered":"https:\/\/www.kraftfuttermischwerk.de\/blogg\/?p=200020"},"modified":"2024-05-30T09:55:54","modified_gmt":"2024-05-30T07:55:54","slug":"wann-wuerde-das-letzte-licht-ausgehen-wenn-alle-menschen-sterben-wuerden","status":"publish","type":"post","link":"https:\/\/www.kraftfuttermischwerk.de\/blogg\/wann-wuerde-das-letzte-licht-ausgehen-wenn-alle-menschen-sterben-wuerden\/","title":{"rendered":"Wann w\u00fcrde das letzte Licht ausgehen, wenn alle Menschen sterben w\u00fcrden?"},"content":{"rendered":"<p>Im Rahmen ihrer fortlaufenden  <a href=\"https:\/\/what-if.xkcd.com\/\">\u201eWas w\u00e4re wenn?\u201c-Serie<\/a> erkl\u00e4ren uns xkcd, wann die letzte k\u00fcnstliche Lichtquelle erl\u00f6schen w\u00fcrde, wenn die Menschheit von der Erde verschwinden w\u00fcrde. Die ersten, die verschwinden, sind die offensichtlichsten. Wie immer die Antworten auf die wichtigen Fragen. <\/p>\n<p><span class=\"embed-youtube\" style=\"text-align:center; display: block;\"><iframe loading=\"lazy\" class=\"youtube-player\" width=\"640\" height=\"360\" src=\"https:\/\/www.youtube.com\/embed\/8fADp43wJwU?version=3&#038;rel=1&#038;showsearch=0&#038;showinfo=1&#038;iv_load_policy=1&#038;fs=1&#038;hl=de-DE&#038;autohide=2&#038;wmode=transparent\" allowfullscreen=\"true\" style=\"border:0;\" sandbox=\"allow-scripts allow-same-origin allow-popups allow-presentation allow-popups-to-escape-sandbox\"><\/iframe><\/span><br \/>\n<small>(<a href=\"https:\/\/www.youtube.com\/watch?v=8fADp43wJwU\">Direktlink<\/a>)<\/small><\/p>\n","protected":false},"excerpt":{"rendered":"<p>Im Rahmen ihrer fortlaufenden \u201eWas w\u00e4re wenn?\u201c-Serie erkl\u00e4ren uns xkcd, wann die letzte k\u00fcnstliche Lichtquelle erl\u00f6schen w\u00fcrde, wenn die Menschheit von der Erde verschwinden w\u00fcrde.&#8230;<\/p>\n<div class=\"more-link-wrapper\"><a class=\"more-link\" href=\"https:\/\/www.kraftfuttermischwerk.de\/blogg\/wann-wuerde-das-letzte-licht-ausgehen-wenn-alle-menschen-sterben-wuerden\/\">Mehr lesen -&gt;<span class=\"screen-reader-text\">Wann w\u00fcrde das letzte Licht ausgehen, wenn alle Menschen sterben w\u00fcrden?<\/span><\/a><\/div>\n","protected":false},"author":1,"featured_media":200021,"comment_status":"open","ping_status":"open","sticky":false,"template":"","format":"standard","meta":{"jetpack_post_was_ever_published":false,"_jetpack_newsletter_access":"","_jetpack_dont_email_post_to_subs":false,"_jetpack_newsletter_tier_id":0,"_jetpack_memberships_contains_paywalled_content":false,"_jetpack_memberships_contains_paid_content":false,"footnotes":""},"categories":[1],"tags":[9776,4630],"class_list":["post-200020","post","type-post","status-publish","format-standard","has-post-thumbnail","hentry","category-nur-mal-so","tag-what-if","tag-xkcd","entry"],"jetpack_featured_media_url":"https:\/\/www.kraftfuttermischwerk.de\/blogg\/wp-content\/uploads2\/2024\/05\/maxresdefault-2-1.jpg","jetpack_shortlink":"https:\/\/wp.me\/pXEnA-Q28","jetpack-related-posts":[],"jetpack_sharing_enabled":true,"_links":{"self":[{"href":"https:\/\/www.kraftfuttermischwerk.de\/blogg\/wp-json\/wp\/v2\/posts\/200020","targetHints":{"allow":["GET"]}}],"collection":[{"href":"https:\/\/www.kraftfuttermischwerk.de\/blogg\/wp-json\/wp\/v2\/posts"}],"about":[{"href":"https:\/\/www.kraftfuttermischwerk.de\/blogg\/wp-json\/wp\/v2\/types\/post"}],"author":[{"embeddable":true,"href":"https:\/\/www.kraftfuttermischwerk.de\/blogg\/wp-json\/wp\/v2\/users\/1"}],"replies":[{"embeddable":true,"href":"https:\/\/www.kraftfuttermischwerk.de\/blogg\/wp-json\/wp\/v2\/comments?post=200020"}],"version-history":[{"count":2,"href":"https:\/\/www.kraftfuttermischwerk.de\/blogg\/wp-json\/wp\/v2\/posts\/200020\/revisions"}],"predecessor-version":[{"id":200023,"href":"https:\/\/www.kraftfuttermischwerk.de\/blogg\/wp-json\/wp\/v2\/posts\/200020\/revisions\/200023"}],"wp:featuredmedia":[{"embeddable":true,"href":"https:\/\/www.kraftfuttermischwerk.de\/blogg\/wp-json\/wp\/v2\/media\/200021"}],"wp:attachment":[{"href":"https:\/\/www.kraftfuttermischwerk.de\/blogg\/wp-json\/wp\/v2\/media?parent=200020"}],"wp:term":[{"taxonomy":"category","embeddable":true,"href":"https:\/\/www.kraftfuttermischwerk.de\/blogg\/wp-json\/wp\/v2\/categories?post=200020"},{"taxonomy":"post_tag","embeddable":true,"href":"https:\/\/www.kraftfuttermischwerk.de\/blogg\/wp-json\/wp\/v2\/tags?post=200020"}],"curies":[{"name":"wp","href":"https:\/\/api.w.org\/{rel}","templated":true}]}}