{"id":20032,"date":"2010-11-23T19:03:30","date_gmt":"2010-11-23T18:03:30","guid":{"rendered":"http:\/\/www.kraftfuttermischwerk.de\/blogg\/?p=20032"},"modified":"2010-11-23T19:03:30","modified_gmt":"2010-11-23T18:03:30","slug":"was-der-tagliche-coffee-to-go-kostet-und-was-der-kaffeebauer-davon-hat","status":"publish","type":"post","link":"https:\/\/www.kraftfuttermischwerk.de\/blogg\/was-der-tagliche-coffee-to-go-kostet-und-was-der-kaffeebauer-davon-hat\/","title":{"rendered":"Was der t\u00e4gliche Coffee-to-go kostet und was der Kaffeebauer davon hat"},"content":{"rendered":"<p>Die 20-j\u00e4hrige Design-Studentin <a href=\"http:\/\/christinerode.com\/\">Christine M. R\u00f8de<\/a> hat mal grafisch festgehalten, welche \u00f6konomischen Unterschiede zwischen einem herk\u00f6mmlichen und einem Fairtrade-Kaffee sich in einem Becher stapeln und was letztendlich beim Kaffeebauern h\u00e4ngen bleibt. Sicher keine ganz gro\u00dfe Neuigkeit, aber wirkt bekanntlich als Grafik immer noch mal anders.<\/p>\n<a href=\"https:\/\/www.kraftfuttermischwerk.de\/blogg\/wp-content\/uploads2\/2010\/11\/coffeeposterfull.png\"><img loading=\"lazy\" decoding=\"async\" src=\"https:\/\/www.kraftfuttermischwerk.de\/blogg\/wp-content\/uploads2\/2010\/11\/coffeeposterfull-505x303.png\" alt=\"\" title=\"coffeeposterfull\" width=\"505\" height=\"303\" class=\"alignnone size-large wp-image-20033\" srcset=\"https:\/\/www.kraftfuttermischwerk.de\/blogg\/wp-content\/uploads2\/2010\/11\/coffeeposterfull-505x303.png 505w, https:\/\/www.kraftfuttermischwerk.de\/blogg\/wp-content\/uploads2\/2010\/11\/coffeeposterfull-300x180.png 300w, https:\/\/www.kraftfuttermischwerk.de\/blogg\/wp-content\/uploads2\/2010\/11\/coffeeposterfull.png 900w\" sizes=\"auto, (max-width: 505px) 100vw, 505px\" \/><\/a><p><br \/>\n<small>(<a href=\"https:\/\/www.kraftfuttermischwerk.de\/blogg\/wp-content\/uploads2\/2010\/11\/coffeeposterfull.png\">klick<\/a> f\u00fcr in gro\u00df, via <a href=\"http:\/\/www.good.is\/post\/infographic-the-money-inside-your-daily-fix\/\">GOOD<\/a>)<\/small><\/p>\n","protected":false},"excerpt":{"rendered":"<p>Die 20-j\u00e4hrige Design-Studentin Christine M. R\u00f8de hat mal grafisch festgehalten, welche \u00f6konomischen Unterschiede zwischen einem herk\u00f6mmlichen und einem Fairtrade-Kaffee sich in einem Becher stapeln und&#8230;<\/p>\n<div class=\"more-link-wrapper\"><a class=\"more-link\" href=\"https:\/\/www.kraftfuttermischwerk.de\/blogg\/was-der-tagliche-coffee-to-go-kostet-und-was-der-kaffeebauer-davon-hat\/\">Mehr lesen -&gt;<span class=\"screen-reader-text\">Was der t\u00e4gliche Coffee-to-go kostet und was der Kaffeebauer davon hat<\/span><\/a><\/div>\n","protected":false},"author":1,"featured_media":0,"comment_status":"open","ping_status":"open","sticky":false,"template":"","format":"standard","meta":{"jetpack_post_was_ever_published":false,"_jetpack_newsletter_access":"","_jetpack_dont_email_post_to_subs":false,"_jetpack_newsletter_tier_id":0,"_jetpack_memberships_contains_paywalled_content":false,"_jetpack_memberships_contains_paid_content":false,"footnotes":""},"categories":[1,8],"tags":[],"class_list":["post-20032","post","type-post","status-publish","format-standard","hentry","category-nur-mal-so","category-visuelles","entry"],"jetpack_featured_media_url":"","jetpack_shortlink":"https:\/\/wp.me\/pXEnA-5d6","jetpack-related-posts":[],"jetpack_sharing_enabled":true,"_links":{"self":[{"href":"https:\/\/www.kraftfuttermischwerk.de\/blogg\/wp-json\/wp\/v2\/posts\/20032","targetHints":{"allow":["GET"]}}],"collection":[{"href":"https:\/\/www.kraftfuttermischwerk.de\/blogg\/wp-json\/wp\/v2\/posts"}],"about":[{"href":"https:\/\/www.kraftfuttermischwerk.de\/blogg\/wp-json\/wp\/v2\/types\/post"}],"author":[{"embeddable":true,"href":"https:\/\/www.kraftfuttermischwerk.de\/blogg\/wp-json\/wp\/v2\/users\/1"}],"replies":[{"embeddable":true,"href":"https:\/\/www.kraftfuttermischwerk.de\/blogg\/wp-json\/wp\/v2\/comments?post=20032"}],"version-history":[{"count":0,"href":"https:\/\/www.kraftfuttermischwerk.de\/blogg\/wp-json\/wp\/v2\/posts\/20032\/revisions"}],"wp:attachment":[{"href":"https:\/\/www.kraftfuttermischwerk.de\/blogg\/wp-json\/wp\/v2\/media?parent=20032"}],"wp:term":[{"taxonomy":"category","embeddable":true,"href":"https:\/\/www.kraftfuttermischwerk.de\/blogg\/wp-json\/wp\/v2\/categories?post=20032"},{"taxonomy":"post_tag","embeddable":true,"href":"https:\/\/www.kraftfuttermischwerk.de\/blogg\/wp-json\/wp\/v2\/tags?post=20032"}],"curies":[{"name":"wp","href":"https:\/\/api.w.org\/{rel}","templated":true}]}}