{"id":2076,"date":"2008-04-12T00:12:37","date_gmt":"2008-04-11T22:12:37","guid":{"rendered":"http:\/\/www.kraftfuttermischwerk.de\/blogg\/?p=2076"},"modified":"2008-04-12T00:13:10","modified_gmt":"2008-04-11T22:13:10","slug":"wahrheit-macht-frei-dokumentation-d-1991","status":"publish","type":"post","link":"https:\/\/www.kraftfuttermischwerk.de\/blogg\/wahrheit-macht-frei-dokumentation-d-1991\/","title":{"rendered":"&#8222;Wahrheit macht frei&#8220; (Dokumentation, D 1991)"},"content":{"rendered":"<p>Finster wie der Nachthimmel. Gut, gedreht von 1989 bis 1991, nur ob sich da heute wirklich was ge\u00e4ndert hat, kann ich nicht sagen. Zu der Zeit war es Alltag um mich rum. Die gro\u00dfen Jungs damals tickten in genau diese Richtung und machten daraus auch keinerlei Hehl, da drau\u00dfen im Osten. Gru\u00dfelig auch heute noch.<\/p>\n<blockquote><p>Dokumentarfilm von 1991, der anhand von Interviews mit f\u00fchrenden Neonazis und Holocaustleugnern sowie Archivmaterial von  konspirativen Treffen den Zustand der deutschen Neonaziszene kurz nach der Wende aufzeigt und deren internationalen Verquickungen, die bis ins Europaparlament reichen. <\/p><\/blockquote>\n<p>(<a href=\"http:\/\/video.google.de\/videoplay?docid=8385094389442728736&#038;q=dokumentation&#038;total=6081&#038;start=0&#038;num=10&#038;so=0&#038;type=search&#038;plindex=4\">DirektjungeGeschichte<\/a>)<\/p>\n<p><em>Ich kann gar nicht so viel fressen, wie ich kotzen m\u00f6chte.<\/em><\/p>\n","protected":false},"excerpt":{"rendered":"<p>Finster wie der Nachthimmel. Gut, gedreht von 1989 bis 1991, nur ob sich da heute wirklich was ge\u00e4ndert hat, kann ich nicht sagen. Zu der&#8230;<\/p>\n<div class=\"more-link-wrapper\"><a class=\"more-link\" href=\"https:\/\/www.kraftfuttermischwerk.de\/blogg\/wahrheit-macht-frei-dokumentation-d-1991\/\">Mehr lesen -&gt;<span class=\"screen-reader-text\">&#8222;Wahrheit macht frei&#8220; (Dokumentation, D 1991)<\/span><\/a><\/div>\n","protected":false},"author":1,"featured_media":0,"comment_status":"open","ping_status":"open","sticky":false,"template":"","format":"standard","meta":{"jetpack_post_was_ever_published":false,"_jetpack_newsletter_access":"","_jetpack_dont_email_post_to_subs":false,"_jetpack_newsletter_tier_id":0,"_jetpack_memberships_contains_paywalled_content":false,"_jetpack_memberships_contains_paid_content":false,"footnotes":""},"categories":[6],"tags":[],"class_list":["post-2076","post","type-post","status-publish","format-standard","hentry","category-alltaglicher-sinnwahn","entry"],"jetpack_featured_media_url":"","jetpack_shortlink":"https:\/\/wp.me\/pXEnA-xu","jetpack-related-posts":[],"jetpack_sharing_enabled":true,"_links":{"self":[{"href":"https:\/\/www.kraftfuttermischwerk.de\/blogg\/wp-json\/wp\/v2\/posts\/2076","targetHints":{"allow":["GET"]}}],"collection":[{"href":"https:\/\/www.kraftfuttermischwerk.de\/blogg\/wp-json\/wp\/v2\/posts"}],"about":[{"href":"https:\/\/www.kraftfuttermischwerk.de\/blogg\/wp-json\/wp\/v2\/types\/post"}],"author":[{"embeddable":true,"href":"https:\/\/www.kraftfuttermischwerk.de\/blogg\/wp-json\/wp\/v2\/users\/1"}],"replies":[{"embeddable":true,"href":"https:\/\/www.kraftfuttermischwerk.de\/blogg\/wp-json\/wp\/v2\/comments?post=2076"}],"version-history":[{"count":0,"href":"https:\/\/www.kraftfuttermischwerk.de\/blogg\/wp-json\/wp\/v2\/posts\/2076\/revisions"}],"wp:attachment":[{"href":"https:\/\/www.kraftfuttermischwerk.de\/blogg\/wp-json\/wp\/v2\/media?parent=2076"}],"wp:term":[{"taxonomy":"category","embeddable":true,"href":"https:\/\/www.kraftfuttermischwerk.de\/blogg\/wp-json\/wp\/v2\/categories?post=2076"},{"taxonomy":"post_tag","embeddable":true,"href":"https:\/\/www.kraftfuttermischwerk.de\/blogg\/wp-json\/wp\/v2\/tags?post=2076"}],"curies":[{"name":"wp","href":"https:\/\/api.w.org\/{rel}","templated":true}]}}