{"id":208051,"date":"2024-09-11T08:31:25","date_gmt":"2024-09-11T06:31:25","guid":{"rendered":"https:\/\/www.kraftfuttermischwerk.de\/blogg\/?p=208051"},"modified":"2024-09-11T08:31:25","modified_gmt":"2024-09-11T06:31:25","slug":"australien-plant-verbot-von-social-media-fuer-kinder","status":"publish","type":"post","link":"https:\/\/www.kraftfuttermischwerk.de\/blogg\/australien-plant-verbot-von-social-media-fuer-kinder\/","title":{"rendered":"Australien plant Verbot von Social Media f\u00fcr Kinder"},"content":{"rendered":"<img loading=\"lazy\" decoding=\"async\" src=\"https:\/\/www.kraftfuttermischwerk.de\/blogg\/wp-content\/uploads2\/2024\/09\/Bildschirmfoto-2024-09-11-um-08.29.45.jpg\" alt=\"\" width=\"1156\" height=\"774\" class=\"alignnone size-full wp-image-208052\" srcset=\"https:\/\/www.kraftfuttermischwerk.de\/blogg\/wp-content\/uploads2\/2024\/09\/Bildschirmfoto-2024-09-11-um-08.29.45.jpg 1156w, https:\/\/www.kraftfuttermischwerk.de\/blogg\/wp-content\/uploads2\/2024\/09\/Bildschirmfoto-2024-09-11-um-08.29.45-300x201.jpg 300w, https:\/\/www.kraftfuttermischwerk.de\/blogg\/wp-content\/uploads2\/2024\/09\/Bildschirmfoto-2024-09-11-um-08.29.45-600x402.jpg 600w, https:\/\/www.kraftfuttermischwerk.de\/blogg\/wp-content\/uploads2\/2024\/09\/Bildschirmfoto-2024-09-11-um-08.29.45-768x514.jpg 768w\" sizes=\"auto, (max-width: 1156px) 100vw, 1156px\" \/>\n<p>Die australische Regierung will Kindern und Jugendlichen den Zugang zu Sozialen Medien k\u00fcnftig erst ab einem Mindestalter <a href=\"https:\/\/www.heise.de\/news\/Soziale-Medien-Australien-fordert-Mindestalter-fuer-Jugendliche-9863115.html\">von 14 bis 16 Jahren  erlauben<\/a>. Noch dieses Jahr solle ein entsprechendes Gesetz im Parlament in Australien eingebracht werden. Ob und wie sich das tats\u00e4chlich umsetzen lie\u00dfe, ist bisher offen. In Deutschland liegen die Altersbeschr\u00e4nkungen f\u00fcr die meisten sozialen Netzwerke bei mindestens 13 Jahren. Interessieren tut das allerdings niemanden. <\/p>\n<blockquote><p>Australia is planning to ban children from using social media due to the &#8222;mental health consequences&#8220;.<\/p>\n<p>The legislation will impose and enforce a minimum age to use social media platforms like Facebook and Instagram by the end of the year. <\/p>\n<p>Although the exact age has yet to be revealed by the government, it is likely to be between 14 and 16 with the Australian prime minister favouring the upper level in that age range.<\/p>\n<p>Describing social media usage amongst children as a &#8222;scourge&#8220;, Prime Minister Antony Alabanese said he wanted them to have &#8222;real experiences with real people&#8220;. Australia is planning to ban children from using social media due to the &#8222;mental health consequences&#8220;.<\/p>\n<p>The legislation will impose and enforce a minimum age to use social media platforms like Facebook and Instagram by the end of the year. <\/p>\n<p>Although the exact age has yet to be revealed by the government, it is likely to be between 14 and 16 with the Australian prime minister favouring the upper level in that age range.<\/p>\n<p>Describing social media usage amongst children as a &#8222;scourge&#8220;, Prime Minister Antony Alabanese said he wanted them to have &#8222;real experiences with real people&#8220;. <\/p><\/blockquote>\n<p><span class=\"embed-youtube\" style=\"text-align:center; display: block;\"><iframe loading=\"lazy\" class=\"youtube-player\" width=\"640\" height=\"360\" src=\"https:\/\/www.youtube.com\/embed\/EO3XbmqdkU0?version=3&#038;rel=1&#038;showsearch=0&#038;showinfo=1&#038;iv_load_policy=1&#038;fs=1&#038;hl=de-DE&#038;autohide=2&#038;wmode=transparent\" allowfullscreen=\"true\" style=\"border:0;\" sandbox=\"allow-scripts allow-same-origin allow-popups allow-presentation allow-popups-to-escape-sandbox\"><\/iframe><\/span><br \/>\n<small>(<a href=\"https:\/\/www.youtube.com\/watch?v=EO3XbmqdkU0\">Direktlink<\/a>)<\/small><\/p>\n","protected":false},"excerpt":{"rendered":"<p>Die australische Regierung will Kindern und Jugendlichen den Zugang zu Sozialen Medien k\u00fcnftig erst ab einem Mindestalter von 14 bis 16 Jahren erlauben. Noch dieses&#8230;<\/p>\n<div class=\"more-link-wrapper\"><a class=\"more-link\" href=\"https:\/\/www.kraftfuttermischwerk.de\/blogg\/australien-plant-verbot-von-social-media-fuer-kinder\/\">Mehr lesen -&gt;<span class=\"screen-reader-text\">Australien plant Verbot von Social Media f\u00fcr Kinder<\/span><\/a><\/div>\n","protected":false},"author":1,"featured_media":208052,"comment_status":"open","ping_status":"open","sticky":false,"template":"","format":"standard","meta":{"jetpack_post_was_ever_published":false,"_jetpack_newsletter_access":"","_jetpack_dont_email_post_to_subs":false,"_jetpack_newsletter_tier_id":0,"_jetpack_memberships_contains_paywalled_content":false,"_jetpack_memberships_contains_paid_content":false,"footnotes":""},"categories":[6],"tags":[1447,6026,1128],"class_list":["post-208051","post","type-post","status-publish","format-standard","has-post-thumbnail","hentry","category-alltaglicher-sinnwahn","tag-australia","tag-childrens","tag-social-media","entry"],"jetpack_featured_media_url":"https:\/\/www.kraftfuttermischwerk.de\/blogg\/wp-content\/uploads2\/2024\/09\/Bildschirmfoto-2024-09-11-um-08.29.45.jpg","jetpack_shortlink":"https:\/\/wp.me\/pXEnA-S7F","jetpack-related-posts":[],"jetpack_sharing_enabled":true,"_links":{"self":[{"href":"https:\/\/www.kraftfuttermischwerk.de\/blogg\/wp-json\/wp\/v2\/posts\/208051","targetHints":{"allow":["GET"]}}],"collection":[{"href":"https:\/\/www.kraftfuttermischwerk.de\/blogg\/wp-json\/wp\/v2\/posts"}],"about":[{"href":"https:\/\/www.kraftfuttermischwerk.de\/blogg\/wp-json\/wp\/v2\/types\/post"}],"author":[{"embeddable":true,"href":"https:\/\/www.kraftfuttermischwerk.de\/blogg\/wp-json\/wp\/v2\/users\/1"}],"replies":[{"embeddable":true,"href":"https:\/\/www.kraftfuttermischwerk.de\/blogg\/wp-json\/wp\/v2\/comments?post=208051"}],"version-history":[{"count":3,"href":"https:\/\/www.kraftfuttermischwerk.de\/blogg\/wp-json\/wp\/v2\/posts\/208051\/revisions"}],"predecessor-version":[{"id":208055,"href":"https:\/\/www.kraftfuttermischwerk.de\/blogg\/wp-json\/wp\/v2\/posts\/208051\/revisions\/208055"}],"wp:featuredmedia":[{"embeddable":true,"href":"https:\/\/www.kraftfuttermischwerk.de\/blogg\/wp-json\/wp\/v2\/media\/208052"}],"wp:attachment":[{"href":"https:\/\/www.kraftfuttermischwerk.de\/blogg\/wp-json\/wp\/v2\/media?parent=208051"}],"wp:term":[{"taxonomy":"category","embeddable":true,"href":"https:\/\/www.kraftfuttermischwerk.de\/blogg\/wp-json\/wp\/v2\/categories?post=208051"},{"taxonomy":"post_tag","embeddable":true,"href":"https:\/\/www.kraftfuttermischwerk.de\/blogg\/wp-json\/wp\/v2\/tags?post=208051"}],"curies":[{"name":"wp","href":"https:\/\/api.w.org\/{rel}","templated":true}]}}