{"id":210887,"date":"2024-12-15T12:23:48","date_gmt":"2024-12-15T11:23:48","guid":{"rendered":"https:\/\/www.kraftfuttermischwerk.de\/blogg\/?p=210887"},"modified":"2024-12-16T07:38:58","modified_gmt":"2024-12-16T06:38:58","slug":"adventskalender-2024-tuerchen-15-herr-von-tayenthal-feat-schuhbumes-mutterkorn-im-wald","status":"publish","type":"post","link":"https:\/\/www.kraftfuttermischwerk.de\/blogg\/adventskalender-2024-tuerchen-15-herr-von-tayenthal-feat-schuhbumes-mutterkorn-im-wald\/","title":{"rendered":"Adventskalender 2024, T\u00fcrchen #15: Herr von Tayenthal feat. Schubumes &#8211; Mutterkorn im Wald"},"content":{"rendered":"<a href=\"https:\/\/www.kraftfuttermischwerk.de\/blogg\/wp-content\/uploads2\/2024\/12\/ak2024_15-1.jpg\"><img loading=\"lazy\" decoding=\"async\" src=\"https:\/\/www.kraftfuttermischwerk.de\/blogg\/wp-content\/uploads2\/2024\/12\/ak2024_15-1-300x300.jpg\" alt=\"\" width=\"300\" height=\"300\" class=\"alignleft size-medium wp-image-210896\" srcset=\"https:\/\/www.kraftfuttermischwerk.de\/blogg\/wp-content\/uploads2\/2024\/12\/ak2024_15-1-300x300.jpg 300w, https:\/\/www.kraftfuttermischwerk.de\/blogg\/wp-content\/uploads2\/2024\/12\/ak2024_15-1-600x600.jpg 600w, https:\/\/www.kraftfuttermischwerk.de\/blogg\/wp-content\/uploads2\/2024\/12\/ak2024_15-1-150x150.jpg 150w, https:\/\/www.kraftfuttermischwerk.de\/blogg\/wp-content\/uploads2\/2024\/12\/ak2024_15-1-768x768.jpg 768w, https:\/\/www.kraftfuttermischwerk.de\/blogg\/wp-content\/uploads2\/2024\/12\/ak2024_15-1.jpg 950w\" sizes=\"auto, (max-width: 300px) 100vw, 300px\" \/><\/a><p>Irgendwie scheinen die Uhren ab der deutschen Grenze gen S\u00fcden anders zu ticken. Gestern Microdosing aus der Schweiz,  heute Mutterkorn im Wald aus dem wundersch\u00f6nen Wien. Mein Lieblingsbohmi, der heute nachdem er im Sommer im <em>Hafen der Ehe<\/em> (das ist f\u00fcr Boomerbohm, oder Boohm) angelegt hat, <a href=\"https:\/\/soundcloud.com\/herrvanbohm\">Herr von Tayenthal<\/a> hei\u00dft,  auf einem Spaziergang mit <a href=\"https:\/\/soundcloud.com\/user-5295842\">Schubumes<\/a> auf Mutterkorn im Wald. Ist das noch Punk darf man fragen. Oder ist gerade das Punk? Die Fragen muss halt jeder f\u00fcr sich selber kl\u00e4ren, aber wenn einer f\u00fcr immer Punk ist, dann der. Und sie.<\/p>\n<p>So haben wir zum Mutterkorn im Wald ganz klassisch Klassik, wie sie klassischer gar nicht sein k\u00f6nnte.<\/p>\n<p>Und dabei f\u00e4llt mir ein, dass ich nach der Geburt meines ersten Kindes damals auf Psilocybin zu Ravels &#8222;Bolero&#8220; aus dem Radiowecker im Bett lag, alle Viere von mich streckend und den Trip meines Lebens hatte.  Da schlie\u00dft sich der Kreis zur Klassik und zur Dosierung von allem.<\/p>\n<p>Meine Chefin meinte neulich, dass ich zu viele Schachtels\u00e4tze schreiben w\u00fcrde, aber das ist eine ganz andere Geschichte. Jetzt Klassik von den beiden H\u00fcbschies. Von mir aus geht doch dazu in den Wald &#8211; ich gehe jetzt ins Stadion. <\/p>\n<p><iframe loading=\"lazy\" width=\"100%\" height=\"166\" scrolling=\"no\" frameborder=\"no\" allow=\"autoplay\" src=\"https:\/\/w.soundcloud.com\/player\/?url=https%3A\/\/api.soundcloud.com\/tracks\/1985314707%3Fsecret_token%3Ds-vHjiNTO3eSJ&#038;color=%23ff5500&#038;auto_play=false&#038;hide_related=false&#038;show_comments=true&#038;show_user=true&#038;show_reposts=false&#038;show_teaser=true\"><\/iframe><\/p>\n<div style=\"font-size: 10px; color: #cccccc;line-break: anywhere;word-break: normal;overflow: hidden;white-space: nowrap;text-overflow: ellipsis; font-family: Interstate,Lucida Grande,Lucida Sans Unicode,Lucida Sans,Garuda,Verdana,Tahoma,sans-serif;font-weight: 100;\"><a href=\"https:\/\/soundcloud.com\/der-das-kfmw-ak\" title=\"KFMW Adventskalender\" target=\"_blank\" style=\"color: #cccccc; text-decoration: none;\">KFMW Adventskalender<\/a> \u00b7 <a href=\"https:\/\/soundcloud.com\/der-das-kfmw-ak\/2024-15-herr-von-tayenthal-feat-schuhbumes-mutterkorn-im-wald\/s-vHjiNTO3eSJ\" title=\"2024 #15: Herr von Tayenthal feat. Schuhbumes - Mutterkorn im Wald\" target=\"_blank\" style=\"color: #cccccc; text-decoration: none;\">2024 #15: Herr von Tayenthal feat. Schuhbumes &#8211; Mutterkorn im Wald<\/a><\/div>\n<p><strong>Style:<\/strong> Classic<br \/>\n<strong>Length:<\/strong> 01:00:48<br \/>\n<strong>Quality:<\/strong> 320 kBit\/s<\/p>\n<p><strong>Tracklist:<\/strong><br \/>\nTchaikovsky -Tanz der Zuckerfee<br \/>\nPeer Gynt &#8211; In der Halle des Bergk\u00f6nigs<br \/>\nShostakovich &#8211; Jazz Suite, Walzer No 2.<br \/>\nCarl Orff &#8211; Fortune Plango Vulnera<br \/>\nNikki &#8211; Vergn\u00fcgt (P\u00fcnktchen und Anton)<br \/>\nJenkins &#8211; Palladio 1. Allegretto Streicher<br \/>\nPachelbel &#8211; Canon in D Major<br \/>\nGeorges Bizet &#8211; Carmen, Habanera<br \/>\nMozart &#8211; Requiem<br \/>\nSchubert &#8211; Ave Maria<br \/>\nBeethoven &#8211; Mondscheinsonate<br \/>\nBach &#8211; Prelude in C-Minor<br \/>\nVivaldi &#8211; Winter, Allegretto non molto<br \/>\nPuccini &#8211; Turandot, Nessun Dorma<br \/>\nBonnie Tyler &#8211; The total eclipse of the Heart (Cello Edit)<br \/>\nThe Legend of Zelda &#8211; Main Theme<\/p>\n<p>Alle der diesj\u00e4hrigen Kalendermixe finden sich <a href=\"https:\/\/www.kraftfuttermischwerk.de\/blogg\/category\/adventskalender\/adventskalender-2024\/\">hier<\/a>.<\/p>\n","protected":false},"excerpt":{"rendered":"<p>Irgendwie scheinen die Uhren ab der deutschen Grenze gen S\u00fcden anders zu ticken. Gestern Microdosing aus der Schweiz, heute Mutterkorn im Wald aus dem wundersch\u00f6nen&#8230;<\/p>\n<div class=\"more-link-wrapper\"><a class=\"more-link\" href=\"https:\/\/www.kraftfuttermischwerk.de\/blogg\/adventskalender-2024-tuerchen-15-herr-von-tayenthal-feat-schuhbumes-mutterkorn-im-wald\/\">Mehr lesen -&gt;<span class=\"screen-reader-text\">Adventskalender 2024, T\u00fcrchen #15: Herr von Tayenthal feat. Schubumes &#8211; Mutterkorn im Wald<\/span><\/a><\/div>\n","protected":false},"author":1,"featured_media":210897,"comment_status":"open","ping_status":"open","sticky":false,"template":"","format":"standard","meta":{"jetpack_post_was_ever_published":false,"_jetpack_newsletter_access":"","_jetpack_dont_email_post_to_subs":false,"_jetpack_newsletter_tier_id":0,"_jetpack_memberships_contains_paywalled_content":false,"_jetpack_memberships_contains_paid_content":false,"footnotes":""},"categories":[23,9954,5],"tags":[9953,707,382,7840,9969,9970],"class_list":["post-210887","post","type-post","status-publish","format-standard","has-post-thumbnail","hentry","category-adventskalender","category-adventskalender-2024","category-musik","tag-ak2024","tag-classic","tag-dj-mix","tag-herr-van-bohm","tag-herr-von-tayenthal","tag-schubumes","entry"],"jetpack_featured_media_url":"https:\/\/www.kraftfuttermischwerk.de\/blogg\/wp-content\/uploads2\/2024\/12\/ak2024thumb_15-1.jpg","jetpack_shortlink":"https:\/\/wp.me\/pXEnA-SRp","jetpack-related-posts":[],"jetpack_sharing_enabled":true,"_links":{"self":[{"href":"https:\/\/www.kraftfuttermischwerk.de\/blogg\/wp-json\/wp\/v2\/posts\/210887","targetHints":{"allow":["GET"]}}],"collection":[{"href":"https:\/\/www.kraftfuttermischwerk.de\/blogg\/wp-json\/wp\/v2\/posts"}],"about":[{"href":"https:\/\/www.kraftfuttermischwerk.de\/blogg\/wp-json\/wp\/v2\/types\/post"}],"author":[{"embeddable":true,"href":"https:\/\/www.kraftfuttermischwerk.de\/blogg\/wp-json\/wp\/v2\/users\/1"}],"replies":[{"embeddable":true,"href":"https:\/\/www.kraftfuttermischwerk.de\/blogg\/wp-json\/wp\/v2\/comments?post=210887"}],"version-history":[{"count":5,"href":"https:\/\/www.kraftfuttermischwerk.de\/blogg\/wp-json\/wp\/v2\/posts\/210887\/revisions"}],"predecessor-version":[{"id":210899,"href":"https:\/\/www.kraftfuttermischwerk.de\/blogg\/wp-json\/wp\/v2\/posts\/210887\/revisions\/210899"}],"wp:featuredmedia":[{"embeddable":true,"href":"https:\/\/www.kraftfuttermischwerk.de\/blogg\/wp-json\/wp\/v2\/media\/210897"}],"wp:attachment":[{"href":"https:\/\/www.kraftfuttermischwerk.de\/blogg\/wp-json\/wp\/v2\/media?parent=210887"}],"wp:term":[{"taxonomy":"category","embeddable":true,"href":"https:\/\/www.kraftfuttermischwerk.de\/blogg\/wp-json\/wp\/v2\/categories?post=210887"},{"taxonomy":"post_tag","embeddable":true,"href":"https:\/\/www.kraftfuttermischwerk.de\/blogg\/wp-json\/wp\/v2\/tags?post=210887"}],"curies":[{"name":"wp","href":"https:\/\/api.w.org\/{rel}","templated":true}]}}