{"id":214332,"date":"2025-05-14T08:12:07","date_gmt":"2025-05-14T06:12:07","guid":{"rendered":"https:\/\/www.kraftfuttermischwerk.de\/blogg\/?p=214332"},"modified":"2025-05-14T08:12:07","modified_gmt":"2025-05-14T06:12:07","slug":"bob-dylan-north-country-blues-newport-folk-festival-1963","status":"publish","type":"post","link":"https:\/\/www.kraftfuttermischwerk.de\/blogg\/bob-dylan-north-country-blues-newport-folk-festival-1963\/","title":{"rendered":"Bob Dylan &#8211; North Country Blues (Newport Folk Festival &#8211; 1963)"},"content":{"rendered":"<p>Bin gerade zuf\u00e4llig dar\u00fcber gestolpert und beim Sehen (ich mag Bob Dylon schon immer sehr) ganz kurz und kleinschockiert, dass diese Aufnahmen  \u00fcber 60 Jahre alt sind. Im Original allerdings Schwarz-Wei\u00df, was aber grunds\u00e4tzlich an den Jahren nichts \u00e4ndert.  <\/p>\n<p><span class=\"embed-youtube\" style=\"text-align:center; display: block;\"><iframe loading=\"lazy\" class=\"youtube-player\" width=\"640\" height=\"360\" src=\"https:\/\/www.youtube.com\/embed\/npsB1xWh5hA?version=3&#038;rel=1&#038;showsearch=0&#038;showinfo=1&#038;iv_load_policy=1&#038;fs=1&#038;hl=de-DE&#038;autohide=2&#038;wmode=transparent\" allowfullscreen=\"true\" style=\"border:0;\" sandbox=\"allow-scripts allow-same-origin allow-popups allow-presentation allow-popups-to-escape-sandbox\"><\/iframe><\/span><br \/>\n<small>(<a href=\"https:\/\/youtu.be\/npsB1xWh5hA?si=5UyCUlKFyKTEoEJd\">Direktlink<\/a>)<\/small><\/p>\n","protected":false},"excerpt":{"rendered":"<p>Bin gerade zuf\u00e4llig dar\u00fcber gestolpert und beim Sehen (ich mag Bob Dylon schon immer sehr) ganz kurz und kleinschockiert, dass diese Aufnahmen \u00fcber 60 Jahre&#8230;<\/p>\n<div class=\"more-link-wrapper\"><a class=\"more-link\" href=\"https:\/\/www.kraftfuttermischwerk.de\/blogg\/bob-dylan-north-country-blues-newport-folk-festival-1963\/\">Mehr lesen -&gt;<span class=\"screen-reader-text\">Bob Dylan &#8211; North Country Blues (Newport Folk Festival &#8211; 1963)<\/span><\/a><\/div>\n","protected":false},"author":1,"featured_media":214333,"comment_status":"open","ping_status":"open","sticky":false,"template":"","format":"standard","meta":{"jetpack_post_was_ever_published":false,"_jetpack_newsletter_access":"","_jetpack_dont_email_post_to_subs":false,"_jetpack_newsletter_tier_id":0,"_jetpack_memberships_contains_paywalled_content":false,"_jetpack_memberships_contains_paid_content":false,"footnotes":""},"categories":[5],"tags":[6825,1131,1549,7841],"class_list":["post-214332","post","type-post","status-publish","format-standard","has-post-thumbnail","hentry","category-musik","tag-1960s","tag-bob-dylan","tag-folk","tag-singer-songwriter","entry"],"jetpack_featured_media_url":"https:\/\/www.kraftfuttermischwerk.de\/blogg\/wp-content\/uploads2\/2025\/05\/Bildschirmfoto-2025-05-14-um-08.10.52.jpg","jetpack_shortlink":"https:\/\/wp.me\/pXEnA-TKY","jetpack-related-posts":[],"jetpack_sharing_enabled":true,"_links":{"self":[{"href":"https:\/\/www.kraftfuttermischwerk.de\/blogg\/wp-json\/wp\/v2\/posts\/214332","targetHints":{"allow":["GET"]}}],"collection":[{"href":"https:\/\/www.kraftfuttermischwerk.de\/blogg\/wp-json\/wp\/v2\/posts"}],"about":[{"href":"https:\/\/www.kraftfuttermischwerk.de\/blogg\/wp-json\/wp\/v2\/types\/post"}],"author":[{"embeddable":true,"href":"https:\/\/www.kraftfuttermischwerk.de\/blogg\/wp-json\/wp\/v2\/users\/1"}],"replies":[{"embeddable":true,"href":"https:\/\/www.kraftfuttermischwerk.de\/blogg\/wp-json\/wp\/v2\/comments?post=214332"}],"version-history":[{"count":2,"href":"https:\/\/www.kraftfuttermischwerk.de\/blogg\/wp-json\/wp\/v2\/posts\/214332\/revisions"}],"predecessor-version":[{"id":214335,"href":"https:\/\/www.kraftfuttermischwerk.de\/blogg\/wp-json\/wp\/v2\/posts\/214332\/revisions\/214335"}],"wp:featuredmedia":[{"embeddable":true,"href":"https:\/\/www.kraftfuttermischwerk.de\/blogg\/wp-json\/wp\/v2\/media\/214333"}],"wp:attachment":[{"href":"https:\/\/www.kraftfuttermischwerk.de\/blogg\/wp-json\/wp\/v2\/media?parent=214332"}],"wp:term":[{"taxonomy":"category","embeddable":true,"href":"https:\/\/www.kraftfuttermischwerk.de\/blogg\/wp-json\/wp\/v2\/categories?post=214332"},{"taxonomy":"post_tag","embeddable":true,"href":"https:\/\/www.kraftfuttermischwerk.de\/blogg\/wp-json\/wp\/v2\/tags?post=214332"}],"curies":[{"name":"wp","href":"https:\/\/api.w.org\/{rel}","templated":true}]}}