{"id":219029,"date":"2025-09-23T09:49:03","date_gmt":"2025-09-23T07:49:03","guid":{"rendered":"https:\/\/www.kraftfuttermischwerk.de\/blogg\/?p=219029"},"modified":"2025-09-23T09:49:03","modified_gmt":"2025-09-23T07:49:03","slug":"_die_-antifa-in-den-usa-jetzt-terror-organisation","status":"publish","type":"post","link":"https:\/\/www.kraftfuttermischwerk.de\/blogg\/_die_-antifa-in-den-usa-jetzt-terror-organisation\/","title":{"rendered":"_Die_ Antifa in den USA jetzt Terror-Organisation"},"content":{"rendered":"<img loading=\"lazy\" decoding=\"async\" src=\"https:\/\/www.kraftfuttermischwerk.de\/blogg\/wp-content\/uploads2\/2025\/09\/IMG_5218.jpg\" alt=\"\" width=\"1500\" height=\"1125\" class=\"alignnone size-full wp-image-219030\" srcset=\"https:\/\/www.kraftfuttermischwerk.de\/blogg\/wp-content\/uploads2\/2025\/09\/IMG_5218.jpg 1500w, https:\/\/www.kraftfuttermischwerk.de\/blogg\/wp-content\/uploads2\/2025\/09\/IMG_5218-300x225.jpg 300w, https:\/\/www.kraftfuttermischwerk.de\/blogg\/wp-content\/uploads2\/2025\/09\/IMG_5218-600x450.jpg 600w, https:\/\/www.kraftfuttermischwerk.de\/blogg\/wp-content\/uploads2\/2025\/09\/IMG_5218-768x576.jpg 768w\" sizes=\"auto, (max-width: 1500px) 100vw, 1500px\" \/>\n<p>Es war nach dem Tod von Charlie Kirk angek\u00fcndigt und jetzt per Dekret vom US-Pr\u00e4sidenten umgesetzt, obwohl bisher keinerlei diesbez\u00fcgliche Zusammenh\u00e4nge erkennbar sind oder ermittelt wurden: <a href=\"https:\/\/www.n-tv.de\/politik\/Trump-erklaert-Antifa-zur-Terror-Organisation-article26049413.html\">Donald Trump erkl\u00e4rt Antifa zur Terror-Organisation<\/a>. <\/p>\n<blockquote><p>US-Pr\u00e4sident Donald Trump hat die linke Antifa-Bewegung offiziell als &#8222;terroristische Organisation&#8220; eingestuft. Er unterzeichnete nach Angaben des Wei\u00dfen Hauses ein entsprechendes Dekret. Alle relevanten Ministerien und Beh\u00f6rden seien angewiesen, &#8222;alle illegalen Operationen&#8220; der Antifa oder ihrer Geldgeber &#8222;zu untersuchen, zu st\u00f6ren und zu zerschlagen&#8220;. <\/p><\/blockquote>\n<p>Was genau das f\u00fcr Konsequenzen oder Folgen haben wird, ist bisher unklar. Zumal sich eine Organisation, die keine Organisation ist, wohl nur schwer verbieten lassen d\u00fcrfte. <\/p>\n<blockquote><p>Ein Vertreter des Justizministeriums, der mit den Beratungen vertraut ist, sagte, Trumps Anordnung w\u00fcrde weitreichende Ermittlungs- und \u00dcberwachungsbefugnisse freisetzen. Die Einstufung w\u00fcrde es der Regierung erm\u00f6glichen, die Finanzen und Bewegungen von US-B\u00fcrgern genauer zu verfolgen.<\/p><\/blockquote>\n<p>Klar aber ist, dass es f\u00fcr Leute, die sich \u00f6ffentlich als Antifaschist:innen definieren, beim n\u00e4chsten USA-Urlaub vielleicht unangenehm werden k\u00f6nnte. Wie moralisch verkommen musst du sein, um Antifaschismus derart zu kriminalisieren? Donald Trump: &#8222;Ja!&#8220; <\/p>\n","protected":false},"excerpt":{"rendered":"<p>Es war nach dem Tod von Charlie Kirk angek\u00fcndigt und jetzt per Dekret vom US-Pr\u00e4sidenten umgesetzt, obwohl bisher keinerlei diesbez\u00fcgliche Zusammenh\u00e4nge erkennbar sind oder ermittelt&#8230;<\/p>\n<div class=\"more-link-wrapper\"><a class=\"more-link\" href=\"https:\/\/www.kraftfuttermischwerk.de\/blogg\/_die_-antifa-in-den-usa-jetzt-terror-organisation\/\">Mehr lesen -&gt;<span class=\"screen-reader-text\">_Die_ Antifa in den USA jetzt Terror-Organisation<\/span><\/a><\/div>\n","protected":false},"author":1,"featured_media":219030,"comment_status":"open","ping_status":"open","sticky":false,"template":"","format":"standard","meta":{"jetpack_post_was_ever_published":false,"_jetpack_newsletter_access":"","_jetpack_dont_email_post_to_subs":false,"_jetpack_newsletter_tier_id":0,"_jetpack_memberships_contains_paywalled_content":false,"_jetpack_memberships_contains_paid_content":false,"footnotes":""},"categories":[6],"tags":[996,4444,1457],"class_list":["post-219029","post","type-post","status-publish","format-standard","has-post-thumbnail","hentry","category-alltaglicher-sinnwahn","tag-antifa","tag-donald-trump","tag-usa","entry"],"jetpack_featured_media_url":"https:\/\/www.kraftfuttermischwerk.de\/blogg\/wp-content\/uploads2\/2025\/09\/IMG_5218.jpg","jetpack_shortlink":"https:\/\/wp.me\/pXEnA-UYJ","jetpack-related-posts":[],"jetpack_sharing_enabled":true,"_links":{"self":[{"href":"https:\/\/www.kraftfuttermischwerk.de\/blogg\/wp-json\/wp\/v2\/posts\/219029","targetHints":{"allow":["GET"]}}],"collection":[{"href":"https:\/\/www.kraftfuttermischwerk.de\/blogg\/wp-json\/wp\/v2\/posts"}],"about":[{"href":"https:\/\/www.kraftfuttermischwerk.de\/blogg\/wp-json\/wp\/v2\/types\/post"}],"author":[{"embeddable":true,"href":"https:\/\/www.kraftfuttermischwerk.de\/blogg\/wp-json\/wp\/v2\/users\/1"}],"replies":[{"embeddable":true,"href":"https:\/\/www.kraftfuttermischwerk.de\/blogg\/wp-json\/wp\/v2\/comments?post=219029"}],"version-history":[{"count":3,"href":"https:\/\/www.kraftfuttermischwerk.de\/blogg\/wp-json\/wp\/v2\/posts\/219029\/revisions"}],"predecessor-version":[{"id":219033,"href":"https:\/\/www.kraftfuttermischwerk.de\/blogg\/wp-json\/wp\/v2\/posts\/219029\/revisions\/219033"}],"wp:featuredmedia":[{"embeddable":true,"href":"https:\/\/www.kraftfuttermischwerk.de\/blogg\/wp-json\/wp\/v2\/media\/219030"}],"wp:attachment":[{"href":"https:\/\/www.kraftfuttermischwerk.de\/blogg\/wp-json\/wp\/v2\/media?parent=219029"}],"wp:term":[{"taxonomy":"category","embeddable":true,"href":"https:\/\/www.kraftfuttermischwerk.de\/blogg\/wp-json\/wp\/v2\/categories?post=219029"},{"taxonomy":"post_tag","embeddable":true,"href":"https:\/\/www.kraftfuttermischwerk.de\/blogg\/wp-json\/wp\/v2\/tags?post=219029"}],"curies":[{"name":"wp","href":"https:\/\/api.w.org\/{rel}","templated":true}]}}