{"id":21910,"date":"2011-01-27T09:07:38","date_gmt":"2011-01-27T08:07:38","guid":{"rendered":"http:\/\/www.kraftfuttermischwerk.de\/blogg\/?p=21910"},"modified":"2011-01-27T09:11:17","modified_gmt":"2011-01-27T08:11:17","slug":"ed-nights-graffiti-fotografien","status":"publish","type":"post","link":"https:\/\/www.kraftfuttermischwerk.de\/blogg\/ed-nights-graffiti-fotografien\/","title":{"rendered":"Ed Nights Graffiti Fotografien"},"content":{"rendered":"<p>Edward Nightingale war einst aktiver Spr\u00fcher, heute begleitet er diese bei ihren n\u00e4chtlichen Streifz\u00fcgen in ganz Europa um sie beim Malen zu fotografieren. Auf <a href=\"http:\/\/www.ednight.com\/\">seiner Seite<\/a> zeigt er gro\u00dffl\u00e4chige Fotografien dieser Aktionen, das S\u00fcddeutsche Zeitung Magazin hatte vor zweit Tagen <a href=\"http:\/\/sz-magazin.sueddeutsche.de\/texte\/anzeigen\/35280\">dieses Interview<\/a> mit ihm. <\/p>\n<img loading=\"lazy\" decoding=\"async\" src=\"https:\/\/www.kraftfuttermischwerk.de\/blogg\/wp-content\/uploads2\/2011\/01\/nightingale-2.jpg\" alt=\"\" title=\"nightingale 2\" width=\"505\" height=\"272\" class=\"alignnone size-full wp-image-21911\" srcset=\"https:\/\/www.kraftfuttermischwerk.de\/blogg\/wp-content\/uploads2\/2011\/01\/nightingale-2.jpg 505w, https:\/\/www.kraftfuttermischwerk.de\/blogg\/wp-content\/uploads2\/2011\/01\/nightingale-2-300x161.jpg 300w\" sizes=\"auto, (max-width: 505px) 100vw, 505px\" \/>\n<img loading=\"lazy\" decoding=\"async\" src=\"https:\/\/www.kraftfuttermischwerk.de\/blogg\/wp-content\/uploads2\/2011\/01\/nightingale-1.jpg\" alt=\"\" title=\"nightingale 1\" width=\"505\" height=\"275\" class=\"alignnone size-full wp-image-21912\" srcset=\"https:\/\/www.kraftfuttermischwerk.de\/blogg\/wp-content\/uploads2\/2011\/01\/nightingale-1.jpg 505w, https:\/\/www.kraftfuttermischwerk.de\/blogg\/wp-content\/uploads2\/2011\/01\/nightingale-1-300x163.jpg 300w\" sizes=\"auto, (max-width: 505px) 100vw, 505px\" \/><p><br \/>\n<small>(via <a href=\"http:\/\/www.kox.sk\/?p=18533\">Kox<\/a>)<\/small><\/p>\n","protected":false},"excerpt":{"rendered":"<p>Edward Nightingale war einst aktiver Spr\u00fcher, heute begleitet er diese bei ihren n\u00e4chtlichen Streifz\u00fcgen in ganz Europa um sie beim Malen zu fotografieren. Auf seiner&#8230;<\/p>\n<div class=\"more-link-wrapper\"><a class=\"more-link\" href=\"https:\/\/www.kraftfuttermischwerk.de\/blogg\/ed-nights-graffiti-fotografien\/\">Mehr lesen -&gt;<span class=\"screen-reader-text\">Ed Nights Graffiti Fotografien<\/span><\/a><\/div>\n","protected":false},"author":1,"featured_media":0,"comment_status":"open","ping_status":"open","sticky":false,"template":"","format":"standard","meta":{"jetpack_post_was_ever_published":false,"_jetpack_newsletter_access":"","_jetpack_dont_email_post_to_subs":false,"_jetpack_newsletter_tier_id":0,"_jetpack_memberships_contains_paywalled_content":false,"_jetpack_memberships_contains_paid_content":false,"footnotes":""},"categories":[8],"tags":[],"class_list":["post-21910","post","type-post","status-publish","format-standard","hentry","category-visuelles","entry"],"jetpack_featured_media_url":"","jetpack_shortlink":"https:\/\/wp.me\/pXEnA-5Ho","jetpack-related-posts":[],"jetpack_sharing_enabled":true,"_links":{"self":[{"href":"https:\/\/www.kraftfuttermischwerk.de\/blogg\/wp-json\/wp\/v2\/posts\/21910","targetHints":{"allow":["GET"]}}],"collection":[{"href":"https:\/\/www.kraftfuttermischwerk.de\/blogg\/wp-json\/wp\/v2\/posts"}],"about":[{"href":"https:\/\/www.kraftfuttermischwerk.de\/blogg\/wp-json\/wp\/v2\/types\/post"}],"author":[{"embeddable":true,"href":"https:\/\/www.kraftfuttermischwerk.de\/blogg\/wp-json\/wp\/v2\/users\/1"}],"replies":[{"embeddable":true,"href":"https:\/\/www.kraftfuttermischwerk.de\/blogg\/wp-json\/wp\/v2\/comments?post=21910"}],"version-history":[{"count":0,"href":"https:\/\/www.kraftfuttermischwerk.de\/blogg\/wp-json\/wp\/v2\/posts\/21910\/revisions"}],"wp:attachment":[{"href":"https:\/\/www.kraftfuttermischwerk.de\/blogg\/wp-json\/wp\/v2\/media?parent=21910"}],"wp:term":[{"taxonomy":"category","embeddable":true,"href":"https:\/\/www.kraftfuttermischwerk.de\/blogg\/wp-json\/wp\/v2\/categories?post=21910"},{"taxonomy":"post_tag","embeddable":true,"href":"https:\/\/www.kraftfuttermischwerk.de\/blogg\/wp-json\/wp\/v2\/tags?post=21910"}],"curies":[{"name":"wp","href":"https:\/\/api.w.org\/{rel}","templated":true}]}}