{"id":2194,"date":"2008-05-19T10:29:00","date_gmt":"2008-05-19T08:29:00","guid":{"rendered":"http:\/\/www.kraftfuttermischwerk.de\/blogg\/?p=2194"},"modified":"2008-05-19T10:29:00","modified_gmt":"2008-05-19T08:29:00","slug":"2194","status":"publish","type":"post","link":"https:\/\/www.kraftfuttermischwerk.de\/blogg\/2194\/","title":{"rendered":""},"content":{"rendered":"<p>Zum einen muss ich bei M\u00e4nnern, die beidseitig Ohrringe tragen,  regelm\u00e4\u00dfig dar\u00fcber nachdenken, was ich davon wohl halten soll. Zum anderen tue ich das bei M\u00e4nnern, die ganz ungeniert Sandalen tragen. Wenn beides zusammen an einer Person auftritt, spare ich mir das. Da ist eh nichts mehr zu machen. Ganz schlimm jene, die dann zu allem \u00dcbel auch noch grau-schwarze Socken tragen. <\/p>\n<p>Ich habe mich auch schon mal mehr auf den Sommer gefreut.<\/p>\n","protected":false},"excerpt":{"rendered":"<p>Zum einen muss ich bei M\u00e4nnern, die beidseitig Ohrringe tragen, regelm\u00e4\u00dfig dar\u00fcber nachdenken, was ich davon wohl halten soll. Zum anderen tue ich das bei&#8230;<\/p>\n<div class=\"more-link-wrapper\"><a class=\"more-link\" href=\"https:\/\/www.kraftfuttermischwerk.de\/blogg\/2194\/\">Mehr lesen -&gt;<span class=\"screen-reader-text\"><\/span><\/a><\/div>\n","protected":false},"author":1,"featured_media":0,"comment_status":"open","ping_status":"open","sticky":false,"template":"","format":"standard","meta":{"jetpack_post_was_ever_published":false,"_jetpack_newsletter_access":"","_jetpack_dont_email_post_to_subs":false,"_jetpack_newsletter_tier_id":0,"_jetpack_memberships_contains_paywalled_content":false,"_jetpack_memberships_contains_paid_content":false,"footnotes":""},"categories":[6],"tags":[],"class_list":["post-2194","post","type-post","status-publish","format-standard","hentry","category-alltaglicher-sinnwahn","entry"],"jetpack_featured_media_url":"","jetpack_shortlink":"https:\/\/wp.me\/sXEnA-2194","jetpack-related-posts":[],"jetpack_sharing_enabled":true,"_links":{"self":[{"href":"https:\/\/www.kraftfuttermischwerk.de\/blogg\/wp-json\/wp\/v2\/posts\/2194","targetHints":{"allow":["GET"]}}],"collection":[{"href":"https:\/\/www.kraftfuttermischwerk.de\/blogg\/wp-json\/wp\/v2\/posts"}],"about":[{"href":"https:\/\/www.kraftfuttermischwerk.de\/blogg\/wp-json\/wp\/v2\/types\/post"}],"author":[{"embeddable":true,"href":"https:\/\/www.kraftfuttermischwerk.de\/blogg\/wp-json\/wp\/v2\/users\/1"}],"replies":[{"embeddable":true,"href":"https:\/\/www.kraftfuttermischwerk.de\/blogg\/wp-json\/wp\/v2\/comments?post=2194"}],"version-history":[{"count":0,"href":"https:\/\/www.kraftfuttermischwerk.de\/blogg\/wp-json\/wp\/v2\/posts\/2194\/revisions"}],"wp:attachment":[{"href":"https:\/\/www.kraftfuttermischwerk.de\/blogg\/wp-json\/wp\/v2\/media?parent=2194"}],"wp:term":[{"taxonomy":"category","embeddable":true,"href":"https:\/\/www.kraftfuttermischwerk.de\/blogg\/wp-json\/wp\/v2\/categories?post=2194"},{"taxonomy":"post_tag","embeddable":true,"href":"https:\/\/www.kraftfuttermischwerk.de\/blogg\/wp-json\/wp\/v2\/tags?post=2194"}],"curies":[{"name":"wp","href":"https:\/\/api.w.org\/{rel}","templated":true}]}}