{"id":219430,"date":"2025-10-14T09:18:25","date_gmt":"2025-10-14T07:18:25","guid":{"rendered":"https:\/\/www.kraftfuttermischwerk.de\/blogg\/?p=219430"},"modified":"2025-10-14T09:18:25","modified_gmt":"2025-10-14T07:18:25","slug":"love-parade-1995-in-berlin-moderiert-von-anne-will","status":"publish","type":"post","link":"https:\/\/www.kraftfuttermischwerk.de\/blogg\/love-parade-1995-in-berlin-moderiert-von-anne-will\/","title":{"rendered":"Love Parade 1995 in Berlin | Moderiert von Anne Will"},"content":{"rendered":"<p>Kurze Zeitreise in den Sommer 1995, in dem die Loveparade noch auf dem Kudamm stattfand. Ich konnte das damals nicht sehen, weil ich selber mitten in dem Get\u00fcmmel steckte und danach auf einem Rave in Wei\u00dfensee inklusive Afterhour versackte. Es war der Sommer, in dem ich Liptons Pfirsich-Eistee f\u00fcr mich entdeckte. Keine Ahnung, wie genau ich da jetzt drauf komme. <\/p>\n<blockquote><p>In diesem Fernsehbeitrag aus dem Jahr 1995 wird eine Zusammenfassung der Live\u00fcbertragung der 7. Love Parade auf dem Kurf\u00fcrstendamm in Berlin gezeigt. Die Sendung, moderiert von Anne Will, gibt einen Einblick in die damalige Atmosph\u00e4re und vermittelt einen Eindruck vom gro\u00dfen Ausma\u00df der Veranstaltung.<\/p><\/blockquote>\n<p><span class=\"embed-youtube\" style=\"text-align:center; display: block;\"><iframe loading=\"lazy\" class=\"youtube-player\" width=\"640\" height=\"360\" src=\"https:\/\/www.youtube.com\/embed\/i23CufeHSGw?version=3&#038;rel=1&#038;showsearch=0&#038;showinfo=1&#038;iv_load_policy=1&#038;fs=1&#038;hl=de-DE&#038;autohide=2&#038;wmode=transparent\" allowfullscreen=\"true\" style=\"border:0;\" sandbox=\"allow-scripts allow-same-origin allow-popups allow-presentation allow-popups-to-escape-sandbox\"><\/iframe><\/span><br \/>\n<small>(<a href=\"https:\/\/youtu.be\/i23CufeHSGw?si=00pkAGJpewHDrY-W\">Direktlink<\/a>)<\/small><\/p>\n","protected":false},"excerpt":{"rendered":"<p>Kurze Zeitreise in den Sommer 1995, in dem die Loveparade noch auf dem Kudamm stattfand. Ich konnte das damals nicht sehen, weil ich selber mitten&#8230;<\/p>\n<div class=\"more-link-wrapper\"><a class=\"more-link\" href=\"https:\/\/www.kraftfuttermischwerk.de\/blogg\/love-parade-1995-in-berlin-moderiert-von-anne-will\/\">Mehr lesen -&gt;<span class=\"screen-reader-text\">Love Parade 1995 in Berlin | Moderiert von Anne Will<\/span><\/a><\/div>\n","protected":false},"author":1,"featured_media":219431,"comment_status":"open","ping_status":"open","sticky":false,"template":"","format":"standard","meta":{"jetpack_post_was_ever_published":false,"_jetpack_newsletter_access":"","_jetpack_dont_email_post_to_subs":false,"_jetpack_newsletter_tier_id":0,"_jetpack_memberships_contains_paywalled_content":false,"_jetpack_memberships_contains_paid_content":false,"footnotes":""},"categories":[5],"tags":[7105,10223,82,4288,951,83],"class_list":["post-219430","post","type-post","status-publish","format-standard","has-post-thumbnail","hentry","category-musik","tag-1990s","tag-anne-will","tag-berlin","tag-loveparade","tag-rave","tag-techno","entry"],"jetpack_featured_media_url":"https:\/\/www.kraftfuttermischwerk.de\/blogg\/wp-content\/uploads2\/2025\/10\/Bildschirmfoto-2025-10-14-um-09.13.05.jpg","jetpack_shortlink":"https:\/\/wp.me\/pXEnA-V5c","jetpack-related-posts":[],"jetpack_sharing_enabled":true,"_links":{"self":[{"href":"https:\/\/www.kraftfuttermischwerk.de\/blogg\/wp-json\/wp\/v2\/posts\/219430","targetHints":{"allow":["GET"]}}],"collection":[{"href":"https:\/\/www.kraftfuttermischwerk.de\/blogg\/wp-json\/wp\/v2\/posts"}],"about":[{"href":"https:\/\/www.kraftfuttermischwerk.de\/blogg\/wp-json\/wp\/v2\/types\/post"}],"author":[{"embeddable":true,"href":"https:\/\/www.kraftfuttermischwerk.de\/blogg\/wp-json\/wp\/v2\/users\/1"}],"replies":[{"embeddable":true,"href":"https:\/\/www.kraftfuttermischwerk.de\/blogg\/wp-json\/wp\/v2\/comments?post=219430"}],"version-history":[{"count":2,"href":"https:\/\/www.kraftfuttermischwerk.de\/blogg\/wp-json\/wp\/v2\/posts\/219430\/revisions"}],"predecessor-version":[{"id":219433,"href":"https:\/\/www.kraftfuttermischwerk.de\/blogg\/wp-json\/wp\/v2\/posts\/219430\/revisions\/219433"}],"wp:featuredmedia":[{"embeddable":true,"href":"https:\/\/www.kraftfuttermischwerk.de\/blogg\/wp-json\/wp\/v2\/media\/219431"}],"wp:attachment":[{"href":"https:\/\/www.kraftfuttermischwerk.de\/blogg\/wp-json\/wp\/v2\/media?parent=219430"}],"wp:term":[{"taxonomy":"category","embeddable":true,"href":"https:\/\/www.kraftfuttermischwerk.de\/blogg\/wp-json\/wp\/v2\/categories?post=219430"},{"taxonomy":"post_tag","embeddable":true,"href":"https:\/\/www.kraftfuttermischwerk.de\/blogg\/wp-json\/wp\/v2\/tags?post=219430"}],"curies":[{"name":"wp","href":"https:\/\/api.w.org\/{rel}","templated":true}]}}