{"id":219899,"date":"2025-11-10T15:31:54","date_gmt":"2025-11-10T14:31:54","guid":{"rendered":"https:\/\/www.kraftfuttermischwerk.de\/blogg\/?p=219899"},"modified":"2025-11-10T15:31:54","modified_gmt":"2025-11-10T14:31:54","slug":"nationalpark-lencois-maranhenses","status":"publish","type":"post","link":"https:\/\/www.kraftfuttermischwerk.de\/blogg\/nationalpark-lencois-maranhenses\/","title":{"rendered":"Nationalpark Len\u00e7\u00f3is Maranhenses"},"content":{"rendered":"<p>Der <a href=\"https:\/\/de.wikipedia.org\/wiki\/Nationalpark_Len%C3%A7%C3%B3is_Maranhenses\">Nationalpark Len\u00e7\u00f3is Maranhenses<\/a> (\u201eBettlaken von Maranh\u00e3o\u201c)  ist ein ausgedehntes D\u00fcnengebiet im Norden Brasiliens. Ein Gebiet von 1550 km\u00b2 wurde am 2. Juni 1981 zum Nationalpark erkl\u00e4rt. Die festen und Wanderd\u00fcnen erstrecken sich bis 40 km ins Landesinnere, somit entsteht trotz der relativ hohen Niederschl\u00e4ge die einzige W\u00fcste Brasiliens.<\/p>\n<p><span class=\"embed-youtube\" style=\"text-align:center; display: block;\"><iframe loading=\"lazy\" class=\"youtube-player\" width=\"640\" height=\"360\" src=\"https:\/\/www.youtube.com\/embed\/biGJ_5t30Lk?version=3&#038;rel=1&#038;showsearch=0&#038;showinfo=1&#038;iv_load_policy=1&#038;fs=1&#038;hl=de-DE&#038;autohide=2&#038;wmode=transparent\" allowfullscreen=\"true\" style=\"border:0;\" sandbox=\"allow-scripts allow-same-origin allow-popups allow-presentation allow-popups-to-escape-sandbox\"><\/iframe><\/span><br \/>\n<small>(<a href=\"https:\/\/www.youtube.com\/watch?v=biGJ_5t30Lk\">Direktlink<\/a>, via <a href=\"https:\/\/nagonthelake.blogspot.com\/2025\/11\/parque-nacional-dos-lencois-maranhenses.html\">Nake on the Lake<\/a>)<\/small><\/p>\n","protected":false},"excerpt":{"rendered":"<p>Der Nationalpark Len\u00e7\u00f3is Maranhenses (\u201eBettlaken von Maranh\u00e3o\u201c) ist ein ausgedehntes D\u00fcnengebiet im Norden Brasiliens. Ein Gebiet von 1550 km\u00b2 wurde am 2. Juni 1981 zum&#8230;<\/p>\n<div class=\"more-link-wrapper\"><a class=\"more-link\" href=\"https:\/\/www.kraftfuttermischwerk.de\/blogg\/nationalpark-lencois-maranhenses\/\">Mehr lesen -&gt;<span class=\"screen-reader-text\">Nationalpark Len\u00e7\u00f3is Maranhenses<\/span><\/a><\/div>\n","protected":false},"author":1,"featured_media":219900,"comment_status":"open","ping_status":"open","sticky":false,"template":"","format":"standard","meta":{"jetpack_post_was_ever_published":false,"_jetpack_newsletter_access":"","_jetpack_dont_email_post_to_subs":false,"_jetpack_newsletter_tier_id":0,"_jetpack_memberships_contains_paywalled_content":false,"_jetpack_memberships_contains_paid_content":false,"footnotes":""},"categories":[1],"tags":[2930,810,10250,183],"class_list":["post-219899","post","type-post","status-publish","format-standard","has-post-thumbnail","hentry","category-nur-mal-so","tag-aerial","tag-brasil","tag-deserts","tag-nature","entry"],"jetpack_featured_media_url":"https:\/\/www.kraftfuttermischwerk.de\/blogg\/wp-content\/uploads2\/2025\/11\/Bildschirmfoto-2025-11-10-um-15.30.04.jpg","jetpack_shortlink":"https:\/\/wp.me\/pXEnA-VcL","jetpack-related-posts":[],"jetpack_sharing_enabled":true,"_links":{"self":[{"href":"https:\/\/www.kraftfuttermischwerk.de\/blogg\/wp-json\/wp\/v2\/posts\/219899","targetHints":{"allow":["GET"]}}],"collection":[{"href":"https:\/\/www.kraftfuttermischwerk.de\/blogg\/wp-json\/wp\/v2\/posts"}],"about":[{"href":"https:\/\/www.kraftfuttermischwerk.de\/blogg\/wp-json\/wp\/v2\/types\/post"}],"author":[{"embeddable":true,"href":"https:\/\/www.kraftfuttermischwerk.de\/blogg\/wp-json\/wp\/v2\/users\/1"}],"replies":[{"embeddable":true,"href":"https:\/\/www.kraftfuttermischwerk.de\/blogg\/wp-json\/wp\/v2\/comments?post=219899"}],"version-history":[{"count":2,"href":"https:\/\/www.kraftfuttermischwerk.de\/blogg\/wp-json\/wp\/v2\/posts\/219899\/revisions"}],"predecessor-version":[{"id":219902,"href":"https:\/\/www.kraftfuttermischwerk.de\/blogg\/wp-json\/wp\/v2\/posts\/219899\/revisions\/219902"}],"wp:featuredmedia":[{"embeddable":true,"href":"https:\/\/www.kraftfuttermischwerk.de\/blogg\/wp-json\/wp\/v2\/media\/219900"}],"wp:attachment":[{"href":"https:\/\/www.kraftfuttermischwerk.de\/blogg\/wp-json\/wp\/v2\/media?parent=219899"}],"wp:term":[{"taxonomy":"category","embeddable":true,"href":"https:\/\/www.kraftfuttermischwerk.de\/blogg\/wp-json\/wp\/v2\/categories?post=219899"},{"taxonomy":"post_tag","embeddable":true,"href":"https:\/\/www.kraftfuttermischwerk.de\/blogg\/wp-json\/wp\/v2\/tags?post=219899"}],"curies":[{"name":"wp","href":"https:\/\/api.w.org\/{rel}","templated":true}]}}