{"id":219932,"date":"2025-11-12T16:25:15","date_gmt":"2025-11-12T15:25:15","guid":{"rendered":"https:\/\/www.kraftfuttermischwerk.de\/blogg\/?p=219932"},"modified":"2025-11-12T16:25:15","modified_gmt":"2025-11-12T15:25:15","slug":"kuh-flieht-vor-dem-schlachter-und-schliesst-sich-einer-schafherde-an","status":"publish","type":"post","link":"https:\/\/www.kraftfuttermischwerk.de\/blogg\/kuh-flieht-vor-dem-schlachter-und-schliesst-sich-einer-schafherde-an\/","title":{"rendered":"Kuh flieht vor dem Schlachter und schlie\u00dft sich einer Schafherde an"},"content":{"rendered":"<figure id=\"attachment_219934\" aria-describedby=\"caption-attachment-219934\" style=\"width: 1536px\" class=\"wp-caption alignnone\"><img loading=\"lazy\" decoding=\"async\" src=\"https:\/\/www.kraftfuttermischwerk.de\/blogg\/wp-content\/uploads2\/2025\/11\/kimuecke.jpg\" alt=\"\" width=\"1536\" height=\"1024\" class=\"size-full wp-image-219934\" srcset=\"https:\/\/www.kraftfuttermischwerk.de\/blogg\/wp-content\/uploads2\/2025\/11\/kimuecke.jpg 1536w, https:\/\/www.kraftfuttermischwerk.de\/blogg\/wp-content\/uploads2\/2025\/11\/kimuecke-300x200.jpg 300w, https:\/\/www.kraftfuttermischwerk.de\/blogg\/wp-content\/uploads2\/2025\/11\/kimuecke-600x400.jpg 600w, https:\/\/www.kraftfuttermischwerk.de\/blogg\/wp-content\/uploads2\/2025\/11\/kimuecke-768x512.jpg 768w\" sizes=\"auto, (max-width: 1536px) 100vw, 1536px\" \/><figcaption id=\"caption-attachment-219934\" class=\"wp-caption-text\"><small>(KI-Kuh)<\/small><br \/><\/figcaption><\/figure>\n<p>Auf dem Weg zum Schlachthof nimmt eine Kuh namens &#8222;M\u00fccke&#8220; Rei\u00dfaus, meidet Menschen, streift wochenlang allein durch W\u00e4lder \u2013 und schlie\u00dft sich <a href=\"https:\/\/www.spiegel.de\/panorama\/neckargemuend-kuh-flieht-vor-schlachter-und-schliesst-sich-schafherde-an-a-8e948cb9-18f6-49e8-a560-89a11100de10\">schlie\u00dflich einer Schafherde an<\/a>. Der Sch\u00e4fer ist \u00fcberrascht, als er eine Kuh auf seiner Weide vorfindet. <\/p>\n<blockquote><p>Schnell zog Gimber einen Zaun um die Kuh \u2013 vergeblich. \u00bbM\u00fccke\u00ab durchbrach den Zaun, legte sich mitten in die rund 200 Schafe und blieb. \u00bbEs hat die Schafe beschnuppert und f\u00fchlt sich wohl \u2013 es passt sich sogar der Herde an. Und auch die Schafe st\u00f6rt es nicht.\u00ab <\/p><\/blockquote>\n<p>Nur dort bleiben konnte sie nicht und ist mittlerweile beim  <a href=\"https:\/\/www.ruesselheim.com\/\">Verein R\u00fcsselheim<\/a> untergekommen. <\/p>\n","protected":false},"excerpt":{"rendered":"<p>Auf dem Weg zum Schlachthof nimmt eine Kuh namens &#8222;M\u00fccke&#8220; Rei\u00dfaus, meidet Menschen, streift wochenlang allein durch W\u00e4lder \u2013 und schlie\u00dft sich schlie\u00dflich einer Schafherde&#8230;<\/p>\n<div class=\"more-link-wrapper\"><a class=\"more-link\" href=\"https:\/\/www.kraftfuttermischwerk.de\/blogg\/kuh-flieht-vor-dem-schlachter-und-schliesst-sich-einer-schafherde-an\/\">Mehr lesen -&gt;<span class=\"screen-reader-text\">Kuh flieht vor dem Schlachter und schlie\u00dft sich einer Schafherde an<\/span><\/a><\/div>\n","protected":false},"author":1,"featured_media":219934,"comment_status":"open","ping_status":"open","sticky":false,"template":"","format":"standard","meta":{"jetpack_post_was_ever_published":false,"_jetpack_newsletter_access":"","_jetpack_dont_email_post_to_subs":false,"_jetpack_newsletter_tier_id":0,"_jetpack_memberships_contains_paywalled_content":false,"_jetpack_memberships_contains_paid_content":false,"footnotes":""},"categories":[1],"tags":[6805,325,3180],"class_list":["post-219932","post","type-post","status-publish","format-standard","has-post-thumbnail","hentry","category-nur-mal-so","tag-animal-rescue","tag-animals","tag-cows","entry"],"jetpack_featured_media_url":"https:\/\/www.kraftfuttermischwerk.de\/blogg\/wp-content\/uploads2\/2025\/11\/kimuecke.jpg","jetpack_shortlink":"https:\/\/wp.me\/pXEnA-Vdi","jetpack-related-posts":[],"jetpack_sharing_enabled":true,"_links":{"self":[{"href":"https:\/\/www.kraftfuttermischwerk.de\/blogg\/wp-json\/wp\/v2\/posts\/219932","targetHints":{"allow":["GET"]}}],"collection":[{"href":"https:\/\/www.kraftfuttermischwerk.de\/blogg\/wp-json\/wp\/v2\/posts"}],"about":[{"href":"https:\/\/www.kraftfuttermischwerk.de\/blogg\/wp-json\/wp\/v2\/types\/post"}],"author":[{"embeddable":true,"href":"https:\/\/www.kraftfuttermischwerk.de\/blogg\/wp-json\/wp\/v2\/users\/1"}],"replies":[{"embeddable":true,"href":"https:\/\/www.kraftfuttermischwerk.de\/blogg\/wp-json\/wp\/v2\/comments?post=219932"}],"version-history":[{"count":3,"href":"https:\/\/www.kraftfuttermischwerk.de\/blogg\/wp-json\/wp\/v2\/posts\/219932\/revisions"}],"predecessor-version":[{"id":219936,"href":"https:\/\/www.kraftfuttermischwerk.de\/blogg\/wp-json\/wp\/v2\/posts\/219932\/revisions\/219936"}],"wp:featuredmedia":[{"embeddable":true,"href":"https:\/\/www.kraftfuttermischwerk.de\/blogg\/wp-json\/wp\/v2\/media\/219934"}],"wp:attachment":[{"href":"https:\/\/www.kraftfuttermischwerk.de\/blogg\/wp-json\/wp\/v2\/media?parent=219932"}],"wp:term":[{"taxonomy":"category","embeddable":true,"href":"https:\/\/www.kraftfuttermischwerk.de\/blogg\/wp-json\/wp\/v2\/categories?post=219932"},{"taxonomy":"post_tag","embeddable":true,"href":"https:\/\/www.kraftfuttermischwerk.de\/blogg\/wp-json\/wp\/v2\/tags?post=219932"}],"curies":[{"name":"wp","href":"https:\/\/api.w.org\/{rel}","templated":true}]}}