{"id":220502,"date":"2025-12-12T08:57:02","date_gmt":"2025-12-12T07:57:02","guid":{"rendered":"https:\/\/www.kraftfuttermischwerk.de\/blogg\/?p=220502"},"modified":"2025-12-12T09:19:16","modified_gmt":"2025-12-12T08:19:16","slug":"adventskalender-2025-tuerchen-12-erwin-seelenlaeufer","status":"publish","type":"post","link":"https:\/\/www.kraftfuttermischwerk.de\/blogg\/adventskalender-2025-tuerchen-12-erwin-seelenlaeufer\/","title":{"rendered":"Adventskalender 2025, T\u00fcrchen #12: Erwin &#8211; Seelenl\u00e4ufer"},"content":{"rendered":"<a href=\"https:\/\/www.kraftfuttermischwerk.de\/blogg\/wp-content\/uploads2\/2025\/12\/12_Erwin-scaled.jpg\"><img loading=\"lazy\" decoding=\"async\" src=\"https:\/\/www.kraftfuttermischwerk.de\/blogg\/wp-content\/uploads2\/2025\/12\/12_Erwin-300x300.jpg\" alt=\"\" width=\"300\" height=\"300\" class=\"alignleft size-medium wp-image-220503\" srcset=\"https:\/\/www.kraftfuttermischwerk.de\/blogg\/wp-content\/uploads2\/2025\/12\/12_Erwin-300x300.jpg 300w, https:\/\/www.kraftfuttermischwerk.de\/blogg\/wp-content\/uploads2\/2025\/12\/12_Erwin-600x600.jpg 600w, https:\/\/www.kraftfuttermischwerk.de\/blogg\/wp-content\/uploads2\/2025\/12\/12_Erwin-150x150.jpg 150w, https:\/\/www.kraftfuttermischwerk.de\/blogg\/wp-content\/uploads2\/2025\/12\/12_Erwin-768x768.jpg 768w, https:\/\/www.kraftfuttermischwerk.de\/blogg\/wp-content\/uploads2\/2025\/12\/12_Erwin-1536x1536.jpg 1536w, https:\/\/www.kraftfuttermischwerk.de\/blogg\/wp-content\/uploads2\/2025\/12\/12_Erwin-2048x2048.jpg 2048w\" sizes=\"auto, (max-width: 300px) 100vw, 300px\" \/><\/a><p>Manchmal wei\u00df ich beim Kalender schon Tage vorher, wann welcher Mix erscheinen wird. Anderenfalls entscheide ich das je nach Stimmung erst fr\u00fchs nach dem Aufstehen. So wie heute.<\/p>\n<p><a href=\"https:\/\/soundcloud.com\/erwin_arepas\">Erwin<\/a> hat in diesem Jahr nicht nur sein Label <a href=\"https:\/\/arepas-records.com\/\">Arepas Records<\/a> an den Start gebracht. So mit Vinyl und alles, was ja doch nur noch wenige tun. Er hat gemeinsam mit Lu Cia\u0142o und dem Song <a href=\"https:\/\/arepasrecords.bandcamp.com\/track\/f-r-immer-feat-lu-cia-o\">&#8222;F\u00fcr Immer&#8220;<\/a> mir zu dem einen ganz pers\u00f6nlichen Sommerhit produziert, der im Sommer zwar noch nicht offiziell ver\u00f6ffentlicht war, aber dennoch immer von mir dort gespielt wurde, wo sich die M\u00f6glichkeit dazu ergab. Ein gro\u00dfartiges St\u00fcck Musik, das jetzt f\u00fcr jede:n zu bestellen ist. <\/p>\n<p>Er serviert hier feinsten Deep House und wenn ich in der Tracklist mehrfach <a href=\"https:\/\/de.wikipedia.org\/wiki\/The_Timewriter\">The Timewriter<\/a> lese, wird es mir ein wenig nostalgisch &#8211; ich habe hier immer noch so viele <a href=\"https:\/\/www.discogs.com\/de\/label\/244-Plastic-City?\">Plastic City<\/a> Platten stehen, die ich so lange nicht mehr geh\u00f6rt hab, dass es dazu mal wieder an der Zeit w\u00e4re. Bis dahin aber grooven wir uns doch erst mal ganz gepflegt ins Wochenende ein. Deep, wie es sich besonders wohlig anf\u00fchlt. Das geht hiermit au\u00dferordentlich gut. Versprochen. <\/p>\n<p><iframe loading=\"lazy\" width=\"100%\" height=\"166\" scrolling=\"no\" frameborder=\"no\" allow=\"autoplay\" src=\"https:\/\/w.soundcloud.com\/player\/?url=https%3A\/\/api.soundcloud.com\/tracks\/soundcloud%3Atracks%3A2228406614%3Fsecret_token%3Ds-Ax0u2EhY5tq&#038;color=%23ff5500&#038;auto_play=false&#038;hide_related=false&#038;show_comments=true&#038;show_user=true&#038;show_reposts=false&#038;show_teaser=true\"><\/iframe><\/p>\n<div style=\"font-size: 10px; color: #cccccc;line-break: anywhere;word-break: normal;overflow: hidden;white-space: nowrap;text-overflow: ellipsis; font-family: Interstate,Lucida Grande,Lucida Sans Unicode,Lucida Sans,Garuda,Verdana,Tahoma,sans-serif;font-weight: 100;\"><a href=\"https:\/\/soundcloud.com\/der-das-kfmw-ak\" title=\"KFMW Adventskalender\" target=\"_blank\" style=\"color: #cccccc; text-decoration: none;\">KFMW Adventskalender<\/a> \u00b7 <a href=\"https:\/\/soundcloud.com\/der-das-kfmw-ak\/2025-12-erwin-seelenlaufer\/s-Ax0u2EhY5tq\" title=\"2025 #12: Erwin -  Seelenla\u0308ufer\" target=\"_blank\" style=\"color: #cccccc; text-decoration: none;\">2025 #12: Erwin &#8211;  Seelenla\u0308ufer<\/a><\/div>\n<p><strong>Style:<\/strong> Deep House<br \/>\n<strong>Length:<\/strong> 01:42:32<br \/>\n<strong>Quality:<\/strong> 320 kBit\/s<\/p>\n<p><strong>Tracklist:<\/strong><br \/>\nIrini &#8211; Untitled<br \/>\nThe Timewriter &#8211; So Fragile (On My Own)<br \/>\nPhilipp Priebe &#8211; A Sculpture<br \/>\nThe Timewriter &#8211; Life is just a timeless Motion<br \/>\nErwin &#8211; Egg Hopper<br \/>\nIrini &#8211; The Wisdom<br \/>\nMountain People &#8211; Mountain021.1 (Edit &#038; Remaster)<br \/>\nBaaz &#8211; Swimmer<br \/>\nAndre Kronert &#8211; Drive it like you stole it<br \/>\nSilat Beksi &#8211; Godbrother<br \/>\nErwin &#8211; Coconut Sambal<br \/>\nAntraum &#8211; Hachi<br \/>\nMartin Buttrich &#8211; I\u2019m going there one day<br \/>\nAmirali &#8211; Hear Me<br \/>\nThe Timewriter &#8211; More than ever (no doubt)<br \/>\nRon Obvious &#8211; Comes Down<br \/>\nTrp &#8211; The Future<br \/>\nPaolo Magri &#8211; BZ<br \/>\nIrini &#8211; Dreamuniverse<br \/>\nTiger Stripes &#8211; Keep A Movin\u2019<br \/>\nHavantepe &#8211; Zero-G<br \/>\nTaron-Trekka &#8211; Sip n Dis<br \/>\nVeruh &#8211; Eurivor<br \/>\nSilat Beksi &#8211; Keep it real<br \/>\nZoo Brazil &#8211; In the shade<br \/>\nErwin &#8211; F\u00fcr Immer (feat. Lu Cia\u0142o)<\/p>\n<p>**Vinyl Only<\/p>\n<p>Alle der diesj\u00e4hrigen Kalendermixe finden sich <a href=\"https:\/\/www.kraftfuttermischwerk.de\/blogg\/category\/adventskalender\/adventskalender-2025\/\">hier<\/a>. <\/p>\n","protected":false},"excerpt":{"rendered":"<p>Manchmal wei\u00df ich beim Kalender schon Tage vorher, wann welcher Mix erscheinen wird. Anderenfalls entscheide ich das je nach Stimmung erst fr\u00fchs nach dem Aufstehen.&#8230;<\/p>\n<div class=\"more-link-wrapper\"><a class=\"more-link\" href=\"https:\/\/www.kraftfuttermischwerk.de\/blogg\/adventskalender-2025-tuerchen-12-erwin-seelenlaeufer\/\">Mehr lesen -&gt;<span class=\"screen-reader-text\">Adventskalender 2025, T\u00fcrchen #12: Erwin &#8211; Seelenl\u00e4ufer<\/span><\/a><\/div>\n","protected":false},"author":1,"featured_media":220504,"comment_status":"open","ping_status":"open","sticky":false,"template":"","format":"standard","meta":{"jetpack_post_was_ever_published":false,"_jetpack_newsletter_access":"","_jetpack_dont_email_post_to_subs":false,"_jetpack_newsletter_tier_id":0,"_jetpack_memberships_contains_paywalled_content":false,"_jetpack_memberships_contains_paid_content":false,"footnotes":""},"categories":[23,10266,5],"tags":[10269,10282,95,382,10281],"class_list":["post-220502","post","type-post","status-publish","format-standard","has-post-thumbnail","hentry","category-adventskalender","category-adventskalender-2025","category-musik","tag-ak-2025","tag-arepas-records","tag-deep-house","tag-dj-mix","tag-erwin","entry"],"jetpack_featured_media_url":"https:\/\/www.kraftfuttermischwerk.de\/blogg\/wp-content\/uploads2\/2025\/12\/thumb12-scaled.jpg","jetpack_shortlink":"https:\/\/wp.me\/pXEnA-Vmu","jetpack-related-posts":[],"jetpack_sharing_enabled":true,"_links":{"self":[{"href":"https:\/\/www.kraftfuttermischwerk.de\/blogg\/wp-json\/wp\/v2\/posts\/220502","targetHints":{"allow":["GET"]}}],"collection":[{"href":"https:\/\/www.kraftfuttermischwerk.de\/blogg\/wp-json\/wp\/v2\/posts"}],"about":[{"href":"https:\/\/www.kraftfuttermischwerk.de\/blogg\/wp-json\/wp\/v2\/types\/post"}],"author":[{"embeddable":true,"href":"https:\/\/www.kraftfuttermischwerk.de\/blogg\/wp-json\/wp\/v2\/users\/1"}],"replies":[{"embeddable":true,"href":"https:\/\/www.kraftfuttermischwerk.de\/blogg\/wp-json\/wp\/v2\/comments?post=220502"}],"version-history":[{"count":5,"href":"https:\/\/www.kraftfuttermischwerk.de\/blogg\/wp-json\/wp\/v2\/posts\/220502\/revisions"}],"predecessor-version":[{"id":220509,"href":"https:\/\/www.kraftfuttermischwerk.de\/blogg\/wp-json\/wp\/v2\/posts\/220502\/revisions\/220509"}],"wp:featuredmedia":[{"embeddable":true,"href":"https:\/\/www.kraftfuttermischwerk.de\/blogg\/wp-json\/wp\/v2\/media\/220504"}],"wp:attachment":[{"href":"https:\/\/www.kraftfuttermischwerk.de\/blogg\/wp-json\/wp\/v2\/media?parent=220502"}],"wp:term":[{"taxonomy":"category","embeddable":true,"href":"https:\/\/www.kraftfuttermischwerk.de\/blogg\/wp-json\/wp\/v2\/categories?post=220502"},{"taxonomy":"post_tag","embeddable":true,"href":"https:\/\/www.kraftfuttermischwerk.de\/blogg\/wp-json\/wp\/v2\/tags?post=220502"}],"curies":[{"name":"wp","href":"https:\/\/api.w.org\/{rel}","templated":true}]}}