{"id":221083,"date":"2026-01-21T09:16:14","date_gmt":"2026-01-21T08:16:14","guid":{"rendered":"https:\/\/www.kraftfuttermischwerk.de\/blogg\/?p=221083"},"modified":"2026-01-21T09:16:14","modified_gmt":"2026-01-21T08:16:14","slug":"veronika-ist-kuh-und-kratzt-sich-mit-einem-besen","status":"publish","type":"post","link":"https:\/\/www.kraftfuttermischwerk.de\/blogg\/veronika-ist-kuh-und-kratzt-sich-mit-einem-besen\/","title":{"rendered":"Veronika ist Kuh &#8211; und kratzt sich mit einem Besen"},"content":{"rendered":"<p>Veronika ist eine 13 Jahre alte Kuh, die keine Milch geben muss. In ihren Jahren hat sie die M\u00f6glichkeiten entdeckt, die so ein Besen hergibt, um ihr K\u00f6rpergef\u00fchl zu verbessern. Wissenschaftler:innen sind entz\u00fcckt. Ich auch. <\/p>\n<blockquote><p>Viele Tierarten verwenden Werkzeug, aber bisher war nur von Schimpansen bekannt, dass sie einen Gegenstand auf unterschiedliche Art benutzen. Ein Wiener Forschungsteam berichtet nun im Fachblatt &#8222;Current Biology&#8220; erstmals \u00fcber den flexiblen, vielseitigen Werkzeuggebrauch einer Kuh: Das Tier aus K\u00e4rnten nutzt einen Schrubber als Multifunktionswerkzeug, um sich damit an unterschiedlichen Stellen zu kratzen. F\u00fcr die Biologin Alice Auersperg ist dieses Verhalten &#8222;spektakul\u00e4r&#8220;.<\/p><\/blockquote>\n<p><span class=\"embed-youtube\" style=\"text-align:center; display: block;\"><iframe loading=\"lazy\" class=\"youtube-player\" width=\"640\" height=\"360\" src=\"https:\/\/www.youtube.com\/embed\/TtVw0FTVWeU?version=3&#038;rel=1&#038;showsearch=0&#038;showinfo=1&#038;iv_load_policy=1&#038;fs=1&#038;hl=de-DE&#038;autohide=2&#038;wmode=transparent\" allowfullscreen=\"true\" style=\"border:0;\" sandbox=\"allow-scripts allow-same-origin allow-popups allow-presentation allow-popups-to-escape-sandbox\"><\/iframe><\/span><br \/>\n<small>(<a href=\"https:\/\/youtu.be\/TtVw0FTVWeU?si=vz84DvSG8dcUQ1En\">Direktlink<\/a>)<\/small><\/p>\n","protected":false},"excerpt":{"rendered":"<p>Veronika ist eine 13 Jahre alte Kuh, die keine Milch geben muss. In ihren Jahren hat sie die M\u00f6glichkeiten entdeckt, die so ein Besen hergibt,&#8230;<\/p>\n<div class=\"more-link-wrapper\"><a class=\"more-link\" href=\"https:\/\/www.kraftfuttermischwerk.de\/blogg\/veronika-ist-kuh-und-kratzt-sich-mit-einem-besen\/\">Mehr lesen -&gt;<span class=\"screen-reader-text\">Veronika ist Kuh &#8211; und kratzt sich mit einem Besen<\/span><\/a><\/div>\n","protected":false},"author":1,"featured_media":221084,"comment_status":"open","ping_status":"open","sticky":false,"template":"","format":"standard","meta":{"jetpack_post_was_ever_published":false,"_jetpack_newsletter_access":"","_jetpack_dont_email_post_to_subs":false,"_jetpack_newsletter_tier_id":0,"_jetpack_memberships_contains_paywalled_content":false,"_jetpack_memberships_contains_paid_content":false,"footnotes":""},"categories":[1],"tags":[325,3180,1475],"class_list":["post-221083","post","type-post","status-publish","format-standard","has-post-thumbnail","hentry","category-nur-mal-so","tag-animals","tag-cows","tag-science","entry"],"jetpack_featured_media_url":"https:\/\/www.kraftfuttermischwerk.de\/blogg\/wp-content\/uploads2\/2026\/01\/Bildschirmfoto-2026-01-21-um-09.14.29.jpg","jetpack_shortlink":"https:\/\/wp.me\/pXEnA-VvR","jetpack-related-posts":[],"jetpack_sharing_enabled":true,"_links":{"self":[{"href":"https:\/\/www.kraftfuttermischwerk.de\/blogg\/wp-json\/wp\/v2\/posts\/221083","targetHints":{"allow":["GET"]}}],"collection":[{"href":"https:\/\/www.kraftfuttermischwerk.de\/blogg\/wp-json\/wp\/v2\/posts"}],"about":[{"href":"https:\/\/www.kraftfuttermischwerk.de\/blogg\/wp-json\/wp\/v2\/types\/post"}],"author":[{"embeddable":true,"href":"https:\/\/www.kraftfuttermischwerk.de\/blogg\/wp-json\/wp\/v2\/users\/1"}],"replies":[{"embeddable":true,"href":"https:\/\/www.kraftfuttermischwerk.de\/blogg\/wp-json\/wp\/v2\/comments?post=221083"}],"version-history":[{"count":1,"href":"https:\/\/www.kraftfuttermischwerk.de\/blogg\/wp-json\/wp\/v2\/posts\/221083\/revisions"}],"predecessor-version":[{"id":221085,"href":"https:\/\/www.kraftfuttermischwerk.de\/blogg\/wp-json\/wp\/v2\/posts\/221083\/revisions\/221085"}],"wp:featuredmedia":[{"embeddable":true,"href":"https:\/\/www.kraftfuttermischwerk.de\/blogg\/wp-json\/wp\/v2\/media\/221084"}],"wp:attachment":[{"href":"https:\/\/www.kraftfuttermischwerk.de\/blogg\/wp-json\/wp\/v2\/media?parent=221083"}],"wp:term":[{"taxonomy":"category","embeddable":true,"href":"https:\/\/www.kraftfuttermischwerk.de\/blogg\/wp-json\/wp\/v2\/categories?post=221083"},{"taxonomy":"post_tag","embeddable":true,"href":"https:\/\/www.kraftfuttermischwerk.de\/blogg\/wp-json\/wp\/v2\/tags?post=221083"}],"curies":[{"name":"wp","href":"https:\/\/api.w.org\/{rel}","templated":true}]}}