{"id":22116,"date":"2011-02-02T19:42:05","date_gmt":"2011-02-02T18:42:05","guid":{"rendered":"http:\/\/www.kraftfuttermischwerk.de\/blogg\/?p=22116"},"modified":"2011-02-02T19:42:05","modified_gmt":"2011-02-02T18:42:05","slug":"freitag-tassebier-zur-transmediale-in-der-c-base-mit-icke","status":"publish","type":"post","link":"https:\/\/www.kraftfuttermischwerk.de\/blogg\/freitag-tassebier-zur-transmediale-in-der-c-base-mit-icke\/","title":{"rendered":"Freitag: Tassebier zur Transmediale in der C-Base mit icke"},"content":{"rendered":"<img loading=\"lazy\" decoding=\"async\" src=\"https:\/\/www.kraftfuttermischwerk.de\/blogg\/wp-content\/uploads2\/2011\/02\/tassebier-transmediale-upd1-150x150.jpg\" alt=\"\" title=\"tassebier-transmediale-upd1\" width=\"150\" height=\"150\" class=\"alignleft size-thumbnail wp-image-22117\" \/><p><a href=\"http:\/\/blog.rebellen.info\/2011\/01\/17\/tassebier-zur-transmediale-in-der-c-base\/\">Hier<\/a>, haben sicher schon einige mitbekommen, dass die #tassebier der quasi offiziell alkoholisierte Offline-Klub einiger Onliner aus Twitter, Facebook und Bloggohausen ist. Diese findet nun am Freitag im Rahmen der Transmediale in der Berliner C-Base als De-Luxe Ausgabe statt.<\/p>\n<p>Mit am Start sind die Platten-auf-die-Teller-Leger Tanith, Saetchmo, Marinelli und Tom Freeze. Ich werde den Live-Part \u00fcbernehmen und versuchen nicht all zu sehr  an der Handbremse zu r\u00fctteln, was ganz sicher nicht einfach, aber durchaus \u00fcberraschend sein k\u00f6nnte. Weil es n\u00e4mlich sein kann, das ich etwas mache, was gar niemand erwartet nicht. Aber ich bin mir noch nicht sicher &#8211; ich m\u00fcsste mal damit anfangen, mich irgendwie vorzubereiten. We will see. <\/p>\n<p>Eintritt kostet genau gar nichts, weshalb das Nichtkommen f\u00fcr Berliner auch nur schwer entschuldbar w\u00e4re. Auch wenn Kode 9 zur Hyperdub Labelnacht im Berghain aufspielt. <\/p>\n","protected":false},"excerpt":{"rendered":"<p>Hier, haben sicher schon einige mitbekommen, dass die #tassebier der quasi offiziell alkoholisierte Offline-Klub einiger Onliner aus Twitter, Facebook und Bloggohausen ist. Diese findet nun&#8230;<\/p>\n<div class=\"more-link-wrapper\"><a class=\"more-link\" href=\"https:\/\/www.kraftfuttermischwerk.de\/blogg\/freitag-tassebier-zur-transmediale-in-der-c-base-mit-icke\/\">Mehr lesen -&gt;<span class=\"screen-reader-text\">Freitag: Tassebier zur Transmediale in der C-Base mit icke<\/span><\/a><\/div>\n","protected":false},"author":1,"featured_media":0,"comment_status":"open","ping_status":"open","sticky":false,"template":"","format":"standard","meta":{"jetpack_post_was_ever_published":false,"_jetpack_newsletter_access":"","_jetpack_dont_email_post_to_subs":false,"_jetpack_newsletter_tier_id":0,"_jetpack_memberships_contains_paywalled_content":false,"_jetpack_memberships_contains_paid_content":false,"footnotes":""},"categories":[9,5],"tags":[],"class_list":["post-22116","post","type-post","status-publish","format-standard","hentry","category-kfmwstuff","category-musik","entry"],"jetpack_featured_media_url":"","jetpack_shortlink":"https:\/\/wp.me\/pXEnA-5KI","jetpack-related-posts":[],"jetpack_sharing_enabled":true,"_links":{"self":[{"href":"https:\/\/www.kraftfuttermischwerk.de\/blogg\/wp-json\/wp\/v2\/posts\/22116","targetHints":{"allow":["GET"]}}],"collection":[{"href":"https:\/\/www.kraftfuttermischwerk.de\/blogg\/wp-json\/wp\/v2\/posts"}],"about":[{"href":"https:\/\/www.kraftfuttermischwerk.de\/blogg\/wp-json\/wp\/v2\/types\/post"}],"author":[{"embeddable":true,"href":"https:\/\/www.kraftfuttermischwerk.de\/blogg\/wp-json\/wp\/v2\/users\/1"}],"replies":[{"embeddable":true,"href":"https:\/\/www.kraftfuttermischwerk.de\/blogg\/wp-json\/wp\/v2\/comments?post=22116"}],"version-history":[{"count":0,"href":"https:\/\/www.kraftfuttermischwerk.de\/blogg\/wp-json\/wp\/v2\/posts\/22116\/revisions"}],"wp:attachment":[{"href":"https:\/\/www.kraftfuttermischwerk.de\/blogg\/wp-json\/wp\/v2\/media?parent=22116"}],"wp:term":[{"taxonomy":"category","embeddable":true,"href":"https:\/\/www.kraftfuttermischwerk.de\/blogg\/wp-json\/wp\/v2\/categories?post=22116"},{"taxonomy":"post_tag","embeddable":true,"href":"https:\/\/www.kraftfuttermischwerk.de\/blogg\/wp-json\/wp\/v2\/tags?post=22116"}],"curies":[{"name":"wp","href":"https:\/\/api.w.org\/{rel}","templated":true}]}}