{"id":2216,"date":"2008-05-26T00:34:08","date_gmt":"2008-05-25T22:34:08","guid":{"rendered":"http:\/\/www.kraftfuttermischwerk.de\/blogg\/?p=2216"},"modified":"2008-05-26T00:36:26","modified_gmt":"2008-05-25T22:36:26","slug":"rio-reiser-zauberland-live-in-ostberlin","status":"publish","type":"post","link":"https:\/\/www.kraftfuttermischwerk.de\/blogg\/rio-reiser-zauberland-live-in-ostberlin\/","title":{"rendered":"Rio Reiser &#8211;  Zauberland (live in Ostberlin)"},"content":{"rendered":"<p>Aufgenommen 1988 in der Werner-Seelenbinderhalle in Ostberlin. Wer den wie damals dort hat auftreten lassen, verstehe ich bis heute nicht so ganz.  Offenbar wusste man gar nicht, was man sich da auf die B\u00fchne holte. Die einzige Bedienung, die es von DDR-Staatsseite gab, war jene, auf keinen Fall &#8222;Keine Macht f\u00fcr Niemand&#8220; zu spielen. Alles andere war erlaubt. Als dann bei &#8222;Der Traum ist aus&#8220; kollektiv die ganz Halle br\u00fcllte &#8222;&#8230;doch dieses Land ist es nicht&#8220;, muss dem zust\u00e4ndigen Aufnahmeleiter schon ziemlich der Arsch gegangen sein.  Ein gro\u00dfartiges Konzert, von dem es ein ebenso gro\u00dfartiges Doppel-Album gibt. Dummerweise aber kaum Filmaufnahmen im Netz. Das, was damals das DDR-Fernsehen aufgenommen hatte, w\u00fcrde ich gerne mal sehen wollen. Ungeschnitten. Mit den Schwarz-Roten Fahnen, die nat\u00fcrlich nicht gezeigt worden sind. Es war das letzte Jahr der DDR und viele Kids im Osten liebten den Schei\u00df von Rio und den Scherben. Vielleicht ja hat der Sound zu diesem Zeitpunkt besser nach Ostberlin gepasst als je zuvor irgendwo anders hin. Wer wei\u00df das schon.<br \/>\n<object width=\"425\" height=\"355\"><param name=\"movie\" value=\"http:\/\/www.youtube.com\/v\/GkmqQvtuaQY&#038;hl=en\"><\/param><param name=\"wmode\" value=\"transparent\"><\/param><\/object><br \/>\n(Direkt<a href=\"http:\/\/www.youtube.com\/watch?v=GkmqQvtuaQY\">Traumtier<\/a>)<br \/>\n<!--more--><br \/>\n\u00dcbrigens ein ganz wunderbares Schlaflied f\u00fcr die Kleinen, aber das nur am Rande.<br \/>\n<small>Und sollte irgendwer \u00fcber die Aufnahmen des DDR-Fernsehens verf\u00fcgen, w\u00e4re ich dankbar f\u00fcr eine Mail. <\/small><\/p>\n","protected":false},"excerpt":{"rendered":"<p>Aufgenommen 1988 in der Werner-Seelenbinderhalle in Ostberlin. Wer den wie damals dort hat auftreten lassen, verstehe ich bis heute nicht so ganz. Offenbar wusste man<\/p>\n<div class=\"more-link-wrapper\"><a class=\"more-link\" href=\"https:\/\/www.kraftfuttermischwerk.de\/blogg\/rio-reiser-zauberland-live-in-ostberlin\/\">Mehr lesen -&gt;<span class=\"screen-reader-text\">Rio Reiser &#8211;  Zauberland (live in Ostberlin)<\/span><\/a><\/div>\n","protected":false},"author":1,"featured_media":0,"comment_status":"open","ping_status":"open","sticky":false,"template":"","format":"standard","meta":{"jetpack_post_was_ever_published":false,"_jetpack_newsletter_access":"","_jetpack_dont_email_post_to_subs":false,"_jetpack_newsletter_tier_id":0,"_jetpack_memberships_contains_paywalled_content":false,"_jetpack_memberships_contains_paid_content":false,"footnotes":""},"categories":[5],"tags":[],"class_list":["post-2216","post","type-post","status-publish","format-standard","hentry","category-musik","entry"],"jetpack_featured_media_url":"","jetpack_shortlink":"https:\/\/wp.me\/pXEnA-zK","jetpack-related-posts":[],"jetpack_sharing_enabled":true,"_links":{"self":[{"href":"https:\/\/www.kraftfuttermischwerk.de\/blogg\/wp-json\/wp\/v2\/posts\/2216","targetHints":{"allow":["GET"]}}],"collection":[{"href":"https:\/\/www.kraftfuttermischwerk.de\/blogg\/wp-json\/wp\/v2\/posts"}],"about":[{"href":"https:\/\/www.kraftfuttermischwerk.de\/blogg\/wp-json\/wp\/v2\/types\/post"}],"author":[{"embeddable":true,"href":"https:\/\/www.kraftfuttermischwerk.de\/blogg\/wp-json\/wp\/v2\/users\/1"}],"replies":[{"embeddable":true,"href":"https:\/\/www.kraftfuttermischwerk.de\/blogg\/wp-json\/wp\/v2\/comments?post=2216"}],"version-history":[{"count":0,"href":"https:\/\/www.kraftfuttermischwerk.de\/blogg\/wp-json\/wp\/v2\/posts\/2216\/revisions"}],"wp:attachment":[{"href":"https:\/\/www.kraftfuttermischwerk.de\/blogg\/wp-json\/wp\/v2\/media?parent=2216"}],"wp:term":[{"taxonomy":"category","embeddable":true,"href":"https:\/\/www.kraftfuttermischwerk.de\/blogg\/wp-json\/wp\/v2\/categories?post=2216"},{"taxonomy":"post_tag","embeddable":true,"href":"https:\/\/www.kraftfuttermischwerk.de\/blogg\/wp-json\/wp\/v2\/tags?post=2216"}],"curies":[{"name":"wp","href":"https:\/\/api.w.org\/{rel}","templated":true}]}}