{"id":24343,"date":"2011-04-05T23:48:10","date_gmt":"2011-04-05T21:48:10","guid":{"rendered":"http:\/\/www.kraftfuttermischwerk.de\/blogg\/?p=24343"},"modified":"2011-04-05T23:48:10","modified_gmt":"2011-04-05T21:48:10","slug":"uber-die-anfanger-der-farbfotografie","status":"publish","type":"post","link":"https:\/\/www.kraftfuttermischwerk.de\/blogg\/uber-die-anfanger-der-farbfotografie\/","title":{"rendered":"\u00dcber die Anf\u00e4nger der Farbfotografie"},"content":{"rendered":"<p>SpOns einestages hat <a href=\"http:\/\/einestages.spiegel.de\/static\/topicalbumbackground\/22544\/als_es_dem_zar_zu_bunt_wurde.html#ref=rss\">einen sehr interessanten Artikel<\/a> \u00fcber die Anf\u00e4nge und die anf\u00e4nglichen Schwierigkeiten der Farbfotografie. Au\u00dferdem eine ganz hervorragende Bilderstrecke dazu. <em>&#8222;Bis in die f\u00fcnfziger Jahre waren Fotos unserer Welt meist schwarzwei\u00df, die Vergangenheit kannte vor allem eine Farbe: Grau. Dabei schuf eine Handvoll M\u00e4nner schon vor mehr als hundert Jahren die ersten Farbaufnahmen.&#8220;<\/em><\/p>\n<img loading=\"lazy\" decoding=\"async\" src=\"https:\/\/www.kraftfuttermischwerk.de\/blogg\/wp-content\/uploads2\/2011\/04\/Stille-am-Sim.jpeg\" alt=\"\" title=\"Stille am Sim\" width=\"500\" height=\"347\" class=\"alignnone size-full wp-image-24344\" srcset=\"https:\/\/www.kraftfuttermischwerk.de\/blogg\/wp-content\/uploads2\/2011\/04\/Stille-am-Sim.jpeg 500w, https:\/\/www.kraftfuttermischwerk.de\/blogg\/wp-content\/uploads2\/2011\/04\/Stille-am-Sim-300x208.jpg 300w\" sizes=\"auto, (max-width: 500px) 100vw, 500px\" \/>\n","protected":false},"excerpt":{"rendered":"<p>SpOns einestages hat einen sehr interessanten Artikel \u00fcber die Anf\u00e4nge und die anf\u00e4nglichen Schwierigkeiten der Farbfotografie. Au\u00dferdem eine ganz hervorragende Bilderstrecke dazu. &#8222;Bis in die&#8230;<\/p>\n<div class=\"more-link-wrapper\"><a class=\"more-link\" href=\"https:\/\/www.kraftfuttermischwerk.de\/blogg\/uber-die-anfanger-der-farbfotografie\/\">Mehr lesen -&gt;<span class=\"screen-reader-text\">\u00dcber die Anf\u00e4nger der Farbfotografie<\/span><\/a><\/div>\n","protected":false},"author":1,"featured_media":0,"comment_status":"open","ping_status":"open","sticky":false,"template":"","format":"standard","meta":{"jetpack_post_was_ever_published":false,"_jetpack_newsletter_access":"","_jetpack_dont_email_post_to_subs":false,"_jetpack_newsletter_tier_id":0,"_jetpack_memberships_contains_paywalled_content":false,"_jetpack_memberships_contains_paid_content":false,"footnotes":""},"categories":[8],"tags":[],"class_list":["post-24343","post","type-post","status-publish","format-standard","hentry","category-visuelles","entry"],"jetpack_featured_media_url":"","jetpack_shortlink":"https:\/\/wp.me\/pXEnA-6kD","jetpack-related-posts":[],"jetpack_sharing_enabled":true,"_links":{"self":[{"href":"https:\/\/www.kraftfuttermischwerk.de\/blogg\/wp-json\/wp\/v2\/posts\/24343","targetHints":{"allow":["GET"]}}],"collection":[{"href":"https:\/\/www.kraftfuttermischwerk.de\/blogg\/wp-json\/wp\/v2\/posts"}],"about":[{"href":"https:\/\/www.kraftfuttermischwerk.de\/blogg\/wp-json\/wp\/v2\/types\/post"}],"author":[{"embeddable":true,"href":"https:\/\/www.kraftfuttermischwerk.de\/blogg\/wp-json\/wp\/v2\/users\/1"}],"replies":[{"embeddable":true,"href":"https:\/\/www.kraftfuttermischwerk.de\/blogg\/wp-json\/wp\/v2\/comments?post=24343"}],"version-history":[{"count":0,"href":"https:\/\/www.kraftfuttermischwerk.de\/blogg\/wp-json\/wp\/v2\/posts\/24343\/revisions"}],"wp:attachment":[{"href":"https:\/\/www.kraftfuttermischwerk.de\/blogg\/wp-json\/wp\/v2\/media?parent=24343"}],"wp:term":[{"taxonomy":"category","embeddable":true,"href":"https:\/\/www.kraftfuttermischwerk.de\/blogg\/wp-json\/wp\/v2\/categories?post=24343"},{"taxonomy":"post_tag","embeddable":true,"href":"https:\/\/www.kraftfuttermischwerk.de\/blogg\/wp-json\/wp\/v2\/tags?post=24343"}],"curies":[{"name":"wp","href":"https:\/\/api.w.org\/{rel}","templated":true}]}}