{"id":24857,"date":"2011-04-18T14:12:03","date_gmt":"2011-04-18T12:12:03","guid":{"rendered":"http:\/\/www.kraftfuttermischwerk.de\/blogg\/?p=24857"},"modified":"2011-04-18T14:12:03","modified_gmt":"2011-04-18T12:12:03","slug":"artes-durch-die-nacht-mit-als-hommage-an-ai-weiwei","status":"publish","type":"post","link":"https:\/\/www.kraftfuttermischwerk.de\/blogg\/artes-durch-die-nacht-mit-als-hommage-an-ai-weiwei\/","title":{"rendered":"Artes &#8222;Durch die Nacht mit&#8230;&#8220; als Hommage an Ai Weiwei"},"content":{"rendered":"<p>Arte hat anl\u00e4sslich der Verhaftung Ai Weiweis dieses 55 min\u00fctige Special \u00fcber ihn gesendet. Dieses kann man jetzt f\u00fcr sieben Tage auf arte+7 ansehen.<\/p>\n<blockquote><p>Genau 1001 Landsleute l\u00e4sst der chinesische K\u00fcnstler Ai Weiwei f\u00fcr seine Aktion &#8222;Fairytale&#8220; zur documenta nach Kassel einfliegen. Seine G\u00e4ste beherbergt er in den Gottschalkhallen auf dem ehemaligen Kassler VW-Werksgel\u00e4nde. Dort begr\u00fc\u00dft er auch seinen belgischen K\u00fcnstlerkollegen Wim Delvoye, und schon bald sind die beiden umringt von Kunststudentinnen aus Shanghai. Delvoye ist ein gro\u00dfer Verehrer von Weiweis Kunst. Und auch zwischen den jungen Asiatinnen f\u00fchlt er sich sichtlich wohl. Ai Weiwei hat aber noch anderes im Sinn. Gemeinsam entflieht man dem Trubel und besucht den Kassler Hauptfriedhof, Ai Weiweis liebsten Ort in der Stadt. Dort stellt sich bald heraus, was Delvoye noch so umtreibt: Zum ersten, aber nicht letzten Mal, w\u00e4ssert der unkomplizierte Belgier die freie Natur.<\/p><\/blockquote>\n<p><object classid=\"clsid:D27CDB6E-AE6D-11cf-96B8-444553540000\" codebase=\"http:\/\/download.macromedia.com\/pub\/shockwave\/cabs\/flash\/swflash.cab#version=10,0,0,0\" id=\"playerArte\" allowScriptAccess=\"always\" width=\"640\" height=\"410\" ><param name=\"allowFullScreen\" value=\"true\" \/><param name=\"allowScriptAccess\" value=\"always\" \/><param name=\"quality\" value=\"high\"><param name=\"movie\" value=\"http:\/\/videos.arte.tv\/videoplayer.swf?autoPlay=true&#038;localizedPathUrl=http%3A%2F%2Fvideos%2Earte%2Etv%2Fcae%2Fstatic%2Fflash%2Fplayer%2F&#038;mode=prod&#038;configFileUrl=http%3A%2F%2Fvideos%2Earte%2Etv%2Fcae%2Fstatic%2Fflash%2Fplayer%2Fconfig%2Exml&#038;videoId=3842038&#038;lang=de&#038;videorefFileUrl=http%3A%2F%2Fvideos%2Earte%2Etv%2Fde%2Fdo%5Fdelegate%2Fvideos%2Fdurch%5Fdie%5Fnacht%5Fmit%5F%2D3842038%2Cview%2CasPlayerXml%2Exml&#038;admin=false&#038;embed=true&#038;autoPlay=false\"><\/object><br \/>\n<small>(<a href=\"http:\/\/videos.arte.tv\/de\/videos\/durch_die_nacht_mit_-3842038.html\">Direktlink<\/a>)<\/small><\/p>\n","protected":false},"excerpt":{"rendered":"<p>Arte hat anl\u00e4sslich der Verhaftung Ai Weiweis dieses 55 min\u00fctige Special \u00fcber ihn gesendet. Dieses kann man jetzt f\u00fcr sieben Tage auf arte+7 ansehen. Genau&#8230;<\/p>\n<div class=\"more-link-wrapper\"><a class=\"more-link\" href=\"https:\/\/www.kraftfuttermischwerk.de\/blogg\/artes-durch-die-nacht-mit-als-hommage-an-ai-weiwei\/\">Mehr lesen -&gt;<span class=\"screen-reader-text\">Artes &#8222;Durch die Nacht mit&#8230;&#8220; als Hommage an Ai Weiwei<\/span><\/a><\/div>\n","protected":false},"author":1,"featured_media":0,"comment_status":"open","ping_status":"open","sticky":false,"template":"","format":"standard","meta":{"jetpack_post_was_ever_published":false,"_jetpack_newsletter_access":"","_jetpack_dont_email_post_to_subs":false,"_jetpack_newsletter_tier_id":0,"_jetpack_memberships_contains_paywalled_content":false,"_jetpack_memberships_contains_paid_content":false,"footnotes":""},"categories":[19],"tags":[],"class_list":["post-24857","post","type-post","status-publish","format-standard","hentry","category-doku","entry"],"jetpack_featured_media_url":"","jetpack_shortlink":"https:\/\/wp.me\/pXEnA-6sV","jetpack-related-posts":[],"jetpack_sharing_enabled":true,"_links":{"self":[{"href":"https:\/\/www.kraftfuttermischwerk.de\/blogg\/wp-json\/wp\/v2\/posts\/24857","targetHints":{"allow":["GET"]}}],"collection":[{"href":"https:\/\/www.kraftfuttermischwerk.de\/blogg\/wp-json\/wp\/v2\/posts"}],"about":[{"href":"https:\/\/www.kraftfuttermischwerk.de\/blogg\/wp-json\/wp\/v2\/types\/post"}],"author":[{"embeddable":true,"href":"https:\/\/www.kraftfuttermischwerk.de\/blogg\/wp-json\/wp\/v2\/users\/1"}],"replies":[{"embeddable":true,"href":"https:\/\/www.kraftfuttermischwerk.de\/blogg\/wp-json\/wp\/v2\/comments?post=24857"}],"version-history":[{"count":0,"href":"https:\/\/www.kraftfuttermischwerk.de\/blogg\/wp-json\/wp\/v2\/posts\/24857\/revisions"}],"wp:attachment":[{"href":"https:\/\/www.kraftfuttermischwerk.de\/blogg\/wp-json\/wp\/v2\/media?parent=24857"}],"wp:term":[{"taxonomy":"category","embeddable":true,"href":"https:\/\/www.kraftfuttermischwerk.de\/blogg\/wp-json\/wp\/v2\/categories?post=24857"},{"taxonomy":"post_tag","embeddable":true,"href":"https:\/\/www.kraftfuttermischwerk.de\/blogg\/wp-json\/wp\/v2\/tags?post=24857"}],"curies":[{"name":"wp","href":"https:\/\/api.w.org\/{rel}","templated":true}]}}