{"id":2508,"date":"2008-08-21T14:24:29","date_gmt":"2008-08-21T12:24:29","guid":{"rendered":"http:\/\/www.kraftfuttermischwerk.de\/blogg\/?p=2508"},"modified":"2012-11-07T01:33:27","modified_gmt":"2012-11-07T00:33:27","slug":"fotos-prora-kdf-seebad-der-zwanzigtausend","status":"publish","type":"post","link":"https:\/\/www.kraftfuttermischwerk.de\/blogg\/fotos-prora-kdf-seebad-der-zwanzigtausend\/","title":{"rendered":"Fotos: Prora &#8211; KdF-Seebad der Zwanzigtausend"},"content":{"rendered":"<p>Zwei Flickr-Sets vom damals l\u00e4ngsten Geb\u00e4ude der Welt, dem <a href=\"http:\/\/de.wikipedia.org\/wiki\/Seebad_Prora\"><em>Koloss von Prora<\/em><\/a>, von dem heute nicht einmal mehr verblichene Eleganz \u00fcbrig ist. Verlassen, marode, vor sich hin gammeld und auf einen Investor wartet, der es auch nicht zu einer Sch\u00f6nheit machen kann. Ein furchtbar un\u00e4sthetischer Klotz direkt an der Ostsee, von dem ein Teil zu DDR-Zeiten dann als Hotel genutzt worden ist. Das Ferienlager, in das ich manchmal fuhr, steht in direkter Nachbarschaft, aber das ist eine andere Geschichte.<\/p>\n<p><a href=\"http:\/\/www.flickr.com\/photos\/hellobear\/sets\/72157604709431320\/\">Flickr-Set von Bj\u00f6rn Sahlberg<\/a><\/p>\n<p><a href=\"http:\/\/www.flickr.com\/photos\/maraid\/sets\/72157605669100341\/\">Flickr-Set von Maraid<\/a>, was etwas umfangreicher ist.<\/p>\n","protected":false},"excerpt":{"rendered":"<p>Zwei Flickr-Sets vom damals l\u00e4ngsten Geb\u00e4ude der Welt, dem Koloss von Prora, von dem heute nicht einmal mehr verblichene Eleganz \u00fcbrig ist. Verlassen, marode, vor&#8230;<\/p>\n<div class=\"more-link-wrapper\"><a class=\"more-link\" href=\"https:\/\/www.kraftfuttermischwerk.de\/blogg\/fotos-prora-kdf-seebad-der-zwanzigtausend\/\">Mehr lesen -&gt;<span class=\"screen-reader-text\">Fotos: Prora &#8211; KdF-Seebad der Zwanzigtausend<\/span><\/a><\/div>\n","protected":false},"author":1,"featured_media":0,"comment_status":"open","ping_status":"open","sticky":false,"template":"","format":"standard","meta":{"jetpack_post_was_ever_published":false,"_jetpack_newsletter_access":"","_jetpack_dont_email_post_to_subs":false,"_jetpack_newsletter_tier_id":0,"_jetpack_memberships_contains_paywalled_content":false,"_jetpack_memberships_contains_paid_content":false,"footnotes":""},"categories":[8],"tags":[],"class_list":["post-2508","post","type-post","status-publish","format-standard","hentry","category-visuelles","entry"],"jetpack_featured_media_url":"","jetpack_shortlink":"https:\/\/wp.me\/pXEnA-Es","jetpack-related-posts":[],"jetpack_sharing_enabled":true,"_links":{"self":[{"href":"https:\/\/www.kraftfuttermischwerk.de\/blogg\/wp-json\/wp\/v2\/posts\/2508","targetHints":{"allow":["GET"]}}],"collection":[{"href":"https:\/\/www.kraftfuttermischwerk.de\/blogg\/wp-json\/wp\/v2\/posts"}],"about":[{"href":"https:\/\/www.kraftfuttermischwerk.de\/blogg\/wp-json\/wp\/v2\/types\/post"}],"author":[{"embeddable":true,"href":"https:\/\/www.kraftfuttermischwerk.de\/blogg\/wp-json\/wp\/v2\/users\/1"}],"replies":[{"embeddable":true,"href":"https:\/\/www.kraftfuttermischwerk.de\/blogg\/wp-json\/wp\/v2\/comments?post=2508"}],"version-history":[{"count":0,"href":"https:\/\/www.kraftfuttermischwerk.de\/blogg\/wp-json\/wp\/v2\/posts\/2508\/revisions"}],"wp:attachment":[{"href":"https:\/\/www.kraftfuttermischwerk.de\/blogg\/wp-json\/wp\/v2\/media?parent=2508"}],"wp:term":[{"taxonomy":"category","embeddable":true,"href":"https:\/\/www.kraftfuttermischwerk.de\/blogg\/wp-json\/wp\/v2\/categories?post=2508"},{"taxonomy":"post_tag","embeddable":true,"href":"https:\/\/www.kraftfuttermischwerk.de\/blogg\/wp-json\/wp\/v2\/tags?post=2508"}],"curies":[{"name":"wp","href":"https:\/\/api.w.org\/{rel}","templated":true}]}}