{"id":2753,"date":"2008-10-10T01:27:20","date_gmt":"2008-10-09T23:27:20","guid":{"rendered":"http:\/\/www.kraftfuttermischwerk.de\/blogg\/?p=2753"},"modified":"2008-10-10T01:29:24","modified_gmt":"2008-10-09T23:29:24","slug":"fotos-die-ddr-von-1970-bis-1990","status":"publish","type":"post","link":"https:\/\/www.kraftfuttermischwerk.de\/blogg\/fotos-die-ddr-von-1970-bis-1990\/","title":{"rendered":"Fotos: die DDR von 1970 bis 1990"},"content":{"rendered":"<p>Ich habe vor ein paar Wochen ein ziemlich cocktailgeschw\u00e4ngertes Gespr\u00e4ch mit einem Mann gehabt, der eine wirklich erz\u00e4hlenswerte Biographie in der DDR mit sich brachte. Um damals nicht in den Knast zu gehen, hatte er sich dazu bereit erkl\u00e4rt, &#8222;irgend eine Ausbildung zu machen&#8220;. Ohne diese h\u00e4tte er in der DDR als &#8222;asozial&#8220; gegolten, was durchaus gereicht h\u00e4tte, ihn f\u00fcr 1-2 Jahre hinter Stahlgardinen zu verstecken. Er hatte sich dann, nicht ganz freiwillig, dazu entschieden, Erzieher zu werden, so wie ich, aber das nur am Rande. Irgendwie hat das dem Staat nach seiner Ausbildung auch nicht gereicht, und er musste, um einer Inhaftierung zu entgehen, noch einen Beruf erlernen &#8211; als Erzieher n\u00e4mlich war er &#8222;subversiv aufgefallen&#8220;, wie das zu jener Zeit so hie\u00df. &#8222;Studieren w\u00e4re damals noch besser gewesen&#8220;, sagte er. Weil &#8222;das l\u00e4nger dauerte, und er l\u00e4nger Ruhe gehabt h\u00e4tte&#8220;, wie er meinte. Diese Ruhe allerdings ist nur relativer Natur: seine Zimmer waren damals verwanzt, sein Leben auch, was als solches durchaus auch so zu verstehen ist. Er war das, was man heute nur allzugern  als &#8222;Stasi-Opfer&#8220; durch die Medien jagt. <\/p>\n<p>Er hat sich dann daraufhin an der Kunsthochschule Leipzig eingeschrieben und Fotografie studiert, ohne das er da wirklich einen Sinn drin gesehen h\u00e4tte, weil er dazu &#8222;keinerlei Bezug&#8220; hatte, wie er sagte. Nur: die haben ihm den Arsch gerettet. Er galt als K\u00fcnstler, und war somit, zumindest f\u00fcr einen \u00fcberschaubaren Zeitrahmen, halbwegs gesichert. Dann kam die Wende&#8230; Er war als Fotograf anerkannt, bekam eine ABM-Stelle und bereiste, im Namen des Arbeitsamtes, den Osten der Republik um den Abzug der Russen zu dokumentieren. Davon konnte er gut leben in den 90\u00b4ern. <\/p>\n<p>Ich fragte ihn dann, warum er diese 100e Fotos, die er ja gemacht haben m\u00fcsste, nicht ins Netz stellen w\u00fcrde. Er meinte, &#8222;weil das wohl kaum jemand sehen wollen w\u00fcrde&#8220; &#8211; er hat &#8222;keine Ahnung vom Netz&#8220;, sagte er auch, was mir schmerzlich aufstieg, irgendwie. Denn: er hat offenbar wirklich keine Ahnung vom Netz, von der Multiplikation des Netzes und so. Er tat mir etwas leid, weil ich wei\u00df, wie sehr er am Knabbern ist, der Kunst wegen. Das sagte mir seine Freundin, die ich lange schon kenne und lange schon mag. Er meinte, er w\u00fcrde sich das alles mal ansehen mit Fickr und so, die &#8222;Rechte auf die Bilder h\u00e4tte er ja&#8220;, sagte er. <\/p>\n<p>Ich ging, trunken.  Peinlicherweise vergass ich sogar seinen Namen, was mir wirklich unangenehm ist, nur er war einer der Menschen, die das alles als nicht wichtig empfinden, mit dem Netz und so. Ich traf ihn nochmal vor ein paar Tagen, wo er f\u00fcr so eine abgefuckte Stiftung, die in Potsdam als andere als beliebt ist, rumlief, und mit seiner immer noch analogen Spiegelreflex Fotos machte, um die f\u00fcr so ein Werbeheftchen klar zu kriegen. Das gibt ihm Brot, das macht ihn satt.<\/p>\n<a href=\"http:\/\/www.flickr.com\/photos\/30963112@N02\/sets\/72157607635210208\/\"><img decoding=\"async\" src=\"https:\/\/www.kraftfuttermischwerk.de\/blog\/ru.jpg\" alt=\"\" \/><\/a><p>Zugegeben, das  alles hat nichts mit dem Flickr-Pool zu tun, den ich hier jetzt eigentlich bringen will, aber es fiel mir dazu ein, denn ich denke, seine Bilder w\u00e4ren noch viel besser. Die, die er noch in seiner Kammer liegen hat, die, die er vor 18 Jahren vom Abzug der Russen gemacht hatte, und die nur darauf warten im Netz zu landen. Im n\u00e4chsten Jahr dann wird er nach Peru auswandern und ich hoffe sehr, er wird seine Bilder endlich zug\u00e4nglich machen f\u00fcr den Rest der Welt. Vorher.<br \/>\n<br \/>\n<small> Bild: <a href=\"http:\/\/www.flickr.com\/photos\/30963112@N02\/\">ulrichkarljoho<\/a><\/small><br \/>\nFlickr-Pool: <a href=\"http:\/\/www.flickr.com\/photos\/30963112@N02\/sets\/72157607635210208\/\">die DDR von 1970 bis 1990<\/a><\/p>\n<p>Den Namen zu dem oben zitierten Fotografen werde ich selbstredend nachtragen, versteht sich.<\/p>\n","protected":false},"excerpt":{"rendered":"<p>Ich habe vor ein paar Wochen ein ziemlich cocktailgeschw\u00e4ngertes Gespr\u00e4ch mit einem Mann gehabt, der eine wirklich erz\u00e4hlenswerte Biographie in der DDR mit sich brachte.&#8230;<\/p>\n<div class=\"more-link-wrapper\"><a class=\"more-link\" href=\"https:\/\/www.kraftfuttermischwerk.de\/blogg\/fotos-die-ddr-von-1970-bis-1990\/\">Mehr lesen -&gt;<span class=\"screen-reader-text\">Fotos: die DDR von 1970 bis 1990<\/span><\/a><\/div>\n","protected":false},"author":1,"featured_media":0,"comment_status":"open","ping_status":"open","sticky":false,"template":"","format":"standard","meta":{"jetpack_post_was_ever_published":false,"_jetpack_newsletter_access":"","_jetpack_dont_email_post_to_subs":false,"_jetpack_newsletter_tier_id":0,"_jetpack_memberships_contains_paywalled_content":false,"_jetpack_memberships_contains_paid_content":false,"footnotes":""},"categories":[8],"tags":[],"class_list":["post-2753","post","type-post","status-publish","format-standard","hentry","category-visuelles","entry"],"jetpack_featured_media_url":"","jetpack_shortlink":"https:\/\/wp.me\/pXEnA-Ip","jetpack-related-posts":[],"jetpack_sharing_enabled":true,"_links":{"self":[{"href":"https:\/\/www.kraftfuttermischwerk.de\/blogg\/wp-json\/wp\/v2\/posts\/2753","targetHints":{"allow":["GET"]}}],"collection":[{"href":"https:\/\/www.kraftfuttermischwerk.de\/blogg\/wp-json\/wp\/v2\/posts"}],"about":[{"href":"https:\/\/www.kraftfuttermischwerk.de\/blogg\/wp-json\/wp\/v2\/types\/post"}],"author":[{"embeddable":true,"href":"https:\/\/www.kraftfuttermischwerk.de\/blogg\/wp-json\/wp\/v2\/users\/1"}],"replies":[{"embeddable":true,"href":"https:\/\/www.kraftfuttermischwerk.de\/blogg\/wp-json\/wp\/v2\/comments?post=2753"}],"version-history":[{"count":0,"href":"https:\/\/www.kraftfuttermischwerk.de\/blogg\/wp-json\/wp\/v2\/posts\/2753\/revisions"}],"wp:attachment":[{"href":"https:\/\/www.kraftfuttermischwerk.de\/blogg\/wp-json\/wp\/v2\/media?parent=2753"}],"wp:term":[{"taxonomy":"category","embeddable":true,"href":"https:\/\/www.kraftfuttermischwerk.de\/blogg\/wp-json\/wp\/v2\/categories?post=2753"},{"taxonomy":"post_tag","embeddable":true,"href":"https:\/\/www.kraftfuttermischwerk.de\/blogg\/wp-json\/wp\/v2\/tags?post=2753"}],"curies":[{"name":"wp","href":"https:\/\/api.w.org\/{rel}","templated":true}]}}