{"id":2816,"date":"2008-10-22T20:48:11","date_gmt":"2008-10-22T18:48:11","guid":{"rendered":"http:\/\/www.kraftfuttermischwerk.de\/blogg\/?p=2816"},"modified":"2008-10-22T23:07:56","modified_gmt":"2008-10-22T21:07:56","slug":"interview-und-stelldichein-mit-moritz-von-oswald","status":"publish","type":"post","link":"https:\/\/www.kraftfuttermischwerk.de\/blogg\/interview-und-stelldichein-mit-moritz-von-oswald\/","title":{"rendered":"Interview und Stelldichein mit Moritz von Oswald"},"content":{"rendered":"<p>Moritz von Oswald, Dubtechnopionier, Basic Channel-Founder, Ausnahmemusiker und wahrscheinlich noch vieles mehr, mimt den Dozenten auf der Couch der Red Bull Music Academy, redet \u00fcber Berlin, \u00fcber Dubtechno im Allgemeinen, nat\u00fcrlich \u00fcber Basic Channel im Speziellen, \u00fcber etliche andere Dinge. Zum Schlu\u00df stellt er sich den Fragen der Zuh\u00f6rer.  Zwischendrin gibt es dann immer wieder Musik,  jede Menge Musik &#8211; auch von ihm. H\u00f6chst interessant und verdammt lang. Ich hol\u00b4 mir jetzt etwas Popcorn und geb mir die 2 Stunden. Sowas sieht man ja nicht alle Tage.<br \/>\n<object width=\"490\" height=\"345\"><param name=\"movie\" value=\"http:\/\/www.redbullmusicacademy.com\/fileadmin\/frontpage_swf\/movieplayer_embed.swf?videoFileName=2008_moritz_von_oswald_lecture_HI.mov&amp;posterFrame=5&amp;ext_title=Red+Bull+Music+Academy+-+Barcelona+2008&amp;ext_subtitle=Moritz+von+Oswald+-+Early+Morning+Freestyles\"><\/param><param name=\"wmode\" value=\"transparent\"><\/param><\/object><br \/>\n<small>(<a href=\"http:\/\/www.redbullmusicacademy.com\/video-archive\/lectures\/moritz_von_oswald_early_morning_freestyles\">Direktlink<\/a>, und ein extra dickes Danke f\u00fcr diesen Hinweis, <a href=\"http:\/\/www.myspace.com\/markofuerstenberg\">Marko<\/a>.)<\/small><br \/>\nBei Minute 20.30 geht mir der Hut hoch.<\/p>\n","protected":false},"excerpt":{"rendered":"<p>Moritz von Oswald, Dubtechnopionier, Basic Channel-Founder, Ausnahmemusiker und wahrscheinlich noch vieles mehr, mimt den Dozenten auf der Couch der Red Bull Music Academy, redet \u00fcber&#8230;<\/p>\n<div class=\"more-link-wrapper\"><a class=\"more-link\" href=\"https:\/\/www.kraftfuttermischwerk.de\/blogg\/interview-und-stelldichein-mit-moritz-von-oswald\/\">Mehr lesen -&gt;<span class=\"screen-reader-text\">Interview und Stelldichein mit Moritz von Oswald<\/span><\/a><\/div>\n","protected":false},"author":1,"featured_media":0,"comment_status":"open","ping_status":"open","sticky":false,"template":"","format":"standard","meta":{"jetpack_post_was_ever_published":false,"_jetpack_newsletter_access":"","_jetpack_dont_email_post_to_subs":false,"_jetpack_newsletter_tier_id":0,"_jetpack_memberships_contains_paywalled_content":false,"_jetpack_memberships_contains_paid_content":false,"footnotes":""},"categories":[5],"tags":[],"class_list":["post-2816","post","type-post","status-publish","format-standard","hentry","category-musik","entry"],"jetpack_featured_media_url":"","jetpack_shortlink":"https:\/\/wp.me\/pXEnA-Jq","jetpack-related-posts":[],"jetpack_sharing_enabled":true,"_links":{"self":[{"href":"https:\/\/www.kraftfuttermischwerk.de\/blogg\/wp-json\/wp\/v2\/posts\/2816","targetHints":{"allow":["GET"]}}],"collection":[{"href":"https:\/\/www.kraftfuttermischwerk.de\/blogg\/wp-json\/wp\/v2\/posts"}],"about":[{"href":"https:\/\/www.kraftfuttermischwerk.de\/blogg\/wp-json\/wp\/v2\/types\/post"}],"author":[{"embeddable":true,"href":"https:\/\/www.kraftfuttermischwerk.de\/blogg\/wp-json\/wp\/v2\/users\/1"}],"replies":[{"embeddable":true,"href":"https:\/\/www.kraftfuttermischwerk.de\/blogg\/wp-json\/wp\/v2\/comments?post=2816"}],"version-history":[{"count":0,"href":"https:\/\/www.kraftfuttermischwerk.de\/blogg\/wp-json\/wp\/v2\/posts\/2816\/revisions"}],"wp:attachment":[{"href":"https:\/\/www.kraftfuttermischwerk.de\/blogg\/wp-json\/wp\/v2\/media?parent=2816"}],"wp:term":[{"taxonomy":"category","embeddable":true,"href":"https:\/\/www.kraftfuttermischwerk.de\/blogg\/wp-json\/wp\/v2\/categories?post=2816"},{"taxonomy":"post_tag","embeddable":true,"href":"https:\/\/www.kraftfuttermischwerk.de\/blogg\/wp-json\/wp\/v2\/tags?post=2816"}],"curies":[{"name":"wp","href":"https:\/\/api.w.org\/{rel}","templated":true}]}}