{"id":2963,"date":"2008-11-19T12:58:58","date_gmt":"2008-11-19T11:58:58","guid":{"rendered":"http:\/\/www.kraftfuttermischwerk.de\/blogg\/?p=2963"},"modified":"2012-11-07T01:05:01","modified_gmt":"2012-11-07T00:05:01","slug":"fotografie-dare-turnsek","status":"publish","type":"post","link":"https:\/\/www.kraftfuttermischwerk.de\/blogg\/fotografie-dare-turnsek\/","title":{"rendered":"Fotografie: Dare Turnsek"},"content":{"rendered":"<p>Dare Turnsek ist Slovene, nach eigener Aussage &#8222;Outdoor Freak&#8220; und hat eine nicht zu \u00fcbersehende Schw\u00e4che f\u00fcr das Licht der fr\u00fchen Morgenstunden. \u00dcberhaupt sind die Bilder gepr\u00e4gt von au\u00dfergew\u00f6hnlichen Lichtverh\u00e4ltnissen. Seine Fotos erinnern mitunter an Landschaften wie sie ein Tolkien nicht besser h\u00e4tte beschreiben k\u00f6nnen. Unfassbar sch\u00f6n.<br \/>\nUnd weil ich mich vor lauter Begeisterung gar nicht so recht f\u00fcr nur ein Foto von ihm entscheiden will, hier zwei seiner Bilder.<\/p>\n<p>Portfolio: <a href=\"http:\/\/1x.com\/photos\/member\/2259\/\">Dare Turnsek at Onexposure<\/a><\/p>\n","protected":false},"excerpt":{"rendered":"<p>Dare Turnsek ist Slovene, nach eigener Aussage &#8222;Outdoor Freak&#8220; und hat eine nicht zu \u00fcbersehende Schw\u00e4che f\u00fcr das Licht der fr\u00fchen Morgenstunden. \u00dcberhaupt sind die&#8230;<\/p>\n<div class=\"more-link-wrapper\"><a class=\"more-link\" href=\"https:\/\/www.kraftfuttermischwerk.de\/blogg\/fotografie-dare-turnsek\/\">Mehr lesen -&gt;<span class=\"screen-reader-text\">Fotografie: Dare Turnsek<\/span><\/a><\/div>\n","protected":false},"author":1,"featured_media":0,"comment_status":"open","ping_status":"open","sticky":false,"template":"","format":"standard","meta":{"jetpack_post_was_ever_published":false,"_jetpack_newsletter_access":"","_jetpack_dont_email_post_to_subs":false,"_jetpack_newsletter_tier_id":0,"_jetpack_memberships_contains_paywalled_content":false,"_jetpack_memberships_contains_paid_content":false,"footnotes":""},"categories":[8],"tags":[],"class_list":["post-2963","post","type-post","status-publish","format-standard","hentry","category-visuelles","entry"],"jetpack_featured_media_url":"","jetpack_shortlink":"https:\/\/wp.me\/pXEnA-LN","jetpack-related-posts":[],"jetpack_sharing_enabled":true,"_links":{"self":[{"href":"https:\/\/www.kraftfuttermischwerk.de\/blogg\/wp-json\/wp\/v2\/posts\/2963","targetHints":{"allow":["GET"]}}],"collection":[{"href":"https:\/\/www.kraftfuttermischwerk.de\/blogg\/wp-json\/wp\/v2\/posts"}],"about":[{"href":"https:\/\/www.kraftfuttermischwerk.de\/blogg\/wp-json\/wp\/v2\/types\/post"}],"author":[{"embeddable":true,"href":"https:\/\/www.kraftfuttermischwerk.de\/blogg\/wp-json\/wp\/v2\/users\/1"}],"replies":[{"embeddable":true,"href":"https:\/\/www.kraftfuttermischwerk.de\/blogg\/wp-json\/wp\/v2\/comments?post=2963"}],"version-history":[{"count":0,"href":"https:\/\/www.kraftfuttermischwerk.de\/blogg\/wp-json\/wp\/v2\/posts\/2963\/revisions"}],"wp:attachment":[{"href":"https:\/\/www.kraftfuttermischwerk.de\/blogg\/wp-json\/wp\/v2\/media?parent=2963"}],"wp:term":[{"taxonomy":"category","embeddable":true,"href":"https:\/\/www.kraftfuttermischwerk.de\/blogg\/wp-json\/wp\/v2\/categories?post=2963"},{"taxonomy":"post_tag","embeddable":true,"href":"https:\/\/www.kraftfuttermischwerk.de\/blogg\/wp-json\/wp\/v2\/tags?post=2963"}],"curies":[{"name":"wp","href":"https:\/\/api.w.org\/{rel}","templated":true}]}}