{"id":2964,"date":"2008-11-19T14:04:52","date_gmt":"2008-11-19T13:04:52","guid":{"rendered":"http:\/\/www.kraftfuttermischwerk.de\/blogg\/?p=2964"},"modified":"2008-11-19T14:08:13","modified_gmt":"2008-11-19T13:08:13","slug":"doku-skin-or-die","status":"publish","type":"post","link":"https:\/\/www.kraftfuttermischwerk.de\/blogg\/doku-skin-or-die\/","title":{"rendered":"Doku: Skin or die"},"content":{"rendered":"<p>Der erste Teil <a href=\"http:\/\/www.cinemabuch.ch\/p44.html\">Daniel Schweizer<\/a>s Trilogie zum Thema Skinheads, der sich ausschlie\u00dflich auf  Schweizer Fascho-Skins konzentriert und 1998 ver\u00f6ffentlicht wurde nachdem Schweizer fast 2 Jahre die Gezeigten begleitet hatte. D\u00e4mlicherweise  in 12 Teilen auf YouTube, was ich wohl nie kapieren werde. Aber egal.<\/p>\n<blockquote><p>&#8222;Skin Or Die&#8220; In diesem Film begleitet Daniel Schweizer eine Gruppe neonazistischer &#8222;Hammer-Skinheads&#8220;. Diese f\u00fcr die Skinhead-Kultur nicht repr\u00e4sentative Vereinigung bezeichnet sich selbst als &#8222;Skinhead-Elite&#8220; und zeigt alsbald ihr wahres Gesicht: Bei einem &#8222;White Power&#8220;-Konzert entl\u00e4dt sich der Hass und die Gewalt vor der Kamera. Aus anf\u00e4nglichem Unverst\u00e4ndnis des Betrachters wird blankes Entsetzen, wenn die ideologisch-geschliffenen Aussagen der Neonazis sich in ihren Menschen verachtenden Absichten selbst entlarven.<\/p><\/blockquote>\n<p><a href=\"http:\/\/www.youtube.com\/profile?user=bobbymeek&#038;view=videos\">Part 1 bis Part 12<\/a><\/p>\n","protected":false},"excerpt":{"rendered":"<p>Der erste Teil Daniel Schweizers Trilogie zum Thema Skinheads, der sich ausschlie\u00dflich auf Schweizer Fascho-Skins konzentriert und 1998 ver\u00f6ffentlicht wurde nachdem Schweizer fast 2 Jahre&#8230;<\/p>\n<div class=\"more-link-wrapper\"><a class=\"more-link\" href=\"https:\/\/www.kraftfuttermischwerk.de\/blogg\/doku-skin-or-die\/\">Mehr lesen -&gt;<span class=\"screen-reader-text\">Doku: Skin or die<\/span><\/a><\/div>\n","protected":false},"author":1,"featured_media":0,"comment_status":"open","ping_status":"open","sticky":false,"template":"","format":"standard","meta":{"jetpack_post_was_ever_published":false,"_jetpack_newsletter_access":"","_jetpack_dont_email_post_to_subs":false,"_jetpack_newsletter_tier_id":0,"_jetpack_memberships_contains_paywalled_content":false,"_jetpack_memberships_contains_paid_content":false,"footnotes":""},"categories":[6],"tags":[],"class_list":["post-2964","post","type-post","status-publish","format-standard","hentry","category-alltaglicher-sinnwahn","entry"],"jetpack_featured_media_url":"","jetpack_shortlink":"https:\/\/wp.me\/pXEnA-LO","jetpack-related-posts":[],"jetpack_sharing_enabled":true,"_links":{"self":[{"href":"https:\/\/www.kraftfuttermischwerk.de\/blogg\/wp-json\/wp\/v2\/posts\/2964","targetHints":{"allow":["GET"]}}],"collection":[{"href":"https:\/\/www.kraftfuttermischwerk.de\/blogg\/wp-json\/wp\/v2\/posts"}],"about":[{"href":"https:\/\/www.kraftfuttermischwerk.de\/blogg\/wp-json\/wp\/v2\/types\/post"}],"author":[{"embeddable":true,"href":"https:\/\/www.kraftfuttermischwerk.de\/blogg\/wp-json\/wp\/v2\/users\/1"}],"replies":[{"embeddable":true,"href":"https:\/\/www.kraftfuttermischwerk.de\/blogg\/wp-json\/wp\/v2\/comments?post=2964"}],"version-history":[{"count":0,"href":"https:\/\/www.kraftfuttermischwerk.de\/blogg\/wp-json\/wp\/v2\/posts\/2964\/revisions"}],"wp:attachment":[{"href":"https:\/\/www.kraftfuttermischwerk.de\/blogg\/wp-json\/wp\/v2\/media?parent=2964"}],"wp:term":[{"taxonomy":"category","embeddable":true,"href":"https:\/\/www.kraftfuttermischwerk.de\/blogg\/wp-json\/wp\/v2\/categories?post=2964"},{"taxonomy":"post_tag","embeddable":true,"href":"https:\/\/www.kraftfuttermischwerk.de\/blogg\/wp-json\/wp\/v2\/tags?post=2964"}],"curies":[{"name":"wp","href":"https:\/\/api.w.org\/{rel}","templated":true}]}}