{"id":3028,"date":"2008-11-30T00:40:58","date_gmt":"2008-11-29T23:40:58","guid":{"rendered":"http:\/\/www.kraftfuttermischwerk.de\/blogg\/?p=3028"},"modified":"2012-11-07T00:59:40","modified_gmt":"2012-11-06T23:59:40","slug":"fotografie-marcin-osadzin","status":"publish","type":"post","link":"https:\/\/www.kraftfuttermischwerk.de\/blogg\/fotografie-marcin-osadzin\/","title":{"rendered":"Fotografie: Marcin Osadzin"},"content":{"rendered":"<p>Marcin Osadzin ist Pole und, wieder einmal mehr hier, Naturfotograf, wie er selber meint. Ich wei\u00df ja auch nicht, aber irgendwie packt mich das doch sehr in letzter Zeit. So Naturfotografie. Ich meinte ja letztens das schonmal, <a href=\"https:\/\/www.kraftfuttermischwerk.de\/blogg\/?p=2963\">mit den von Tolkien beschriebenen Landschaften<\/a>&#8230; Osadzin baut auf \u00e4hnliche \u00c4sthetik. Ich m\u00f6chte wetten, dass einige Fotos hiervon nachcoloriert wurden, aber was \u00e4ndert das schon an den gro\u00dfartigen Eindr\u00fccken. Traumhaft sch\u00f6ne Aufnahmen.<\/p>\n<p>Portfolio: <a href=\"http:\/\/mutrus.deviantart.com\/gallery\/\">Marcin Osadzin auf Deviantart<\/a><\/p>\n","protected":false},"excerpt":{"rendered":"<p>Marcin Osadzin ist Pole und, wieder einmal mehr hier, Naturfotograf, wie er selber meint. Ich wei\u00df ja auch nicht, aber irgendwie packt mich das doch&#8230;<\/p>\n<div class=\"more-link-wrapper\"><a class=\"more-link\" href=\"https:\/\/www.kraftfuttermischwerk.de\/blogg\/fotografie-marcin-osadzin\/\">Mehr lesen -&gt;<span class=\"screen-reader-text\">Fotografie: Marcin Osadzin<\/span><\/a><\/div>\n","protected":false},"author":1,"featured_media":0,"comment_status":"open","ping_status":"open","sticky":false,"template":"","format":"standard","meta":{"jetpack_post_was_ever_published":false,"_jetpack_newsletter_access":"","_jetpack_dont_email_post_to_subs":false,"_jetpack_newsletter_tier_id":0,"_jetpack_memberships_contains_paywalled_content":false,"_jetpack_memberships_contains_paid_content":false,"footnotes":""},"categories":[8],"tags":[],"class_list":["post-3028","post","type-post","status-publish","format-standard","hentry","category-visuelles","entry"],"jetpack_featured_media_url":"","jetpack_shortlink":"https:\/\/wp.me\/pXEnA-MQ","jetpack-related-posts":[],"jetpack_sharing_enabled":true,"_links":{"self":[{"href":"https:\/\/www.kraftfuttermischwerk.de\/blogg\/wp-json\/wp\/v2\/posts\/3028","targetHints":{"allow":["GET"]}}],"collection":[{"href":"https:\/\/www.kraftfuttermischwerk.de\/blogg\/wp-json\/wp\/v2\/posts"}],"about":[{"href":"https:\/\/www.kraftfuttermischwerk.de\/blogg\/wp-json\/wp\/v2\/types\/post"}],"author":[{"embeddable":true,"href":"https:\/\/www.kraftfuttermischwerk.de\/blogg\/wp-json\/wp\/v2\/users\/1"}],"replies":[{"embeddable":true,"href":"https:\/\/www.kraftfuttermischwerk.de\/blogg\/wp-json\/wp\/v2\/comments?post=3028"}],"version-history":[{"count":0,"href":"https:\/\/www.kraftfuttermischwerk.de\/blogg\/wp-json\/wp\/v2\/posts\/3028\/revisions"}],"wp:attachment":[{"href":"https:\/\/www.kraftfuttermischwerk.de\/blogg\/wp-json\/wp\/v2\/media?parent=3028"}],"wp:term":[{"taxonomy":"category","embeddable":true,"href":"https:\/\/www.kraftfuttermischwerk.de\/blogg\/wp-json\/wp\/v2\/categories?post=3028"},{"taxonomy":"post_tag","embeddable":true,"href":"https:\/\/www.kraftfuttermischwerk.de\/blogg\/wp-json\/wp\/v2\/tags?post=3028"}],"curies":[{"name":"wp","href":"https:\/\/api.w.org\/{rel}","templated":true}]}}