{"id":30975,"date":"2011-11-09T10:51:31","date_gmt":"2011-11-09T09:51:31","guid":{"rendered":"http:\/\/www.kraftfuttermischwerk.de\/blogg\/?p=30975"},"modified":"2011-11-09T10:51:31","modified_gmt":"2011-11-09T09:51:31","slug":"uber-beelitz-heilstatten","status":"publish","type":"post","link":"https:\/\/www.kraftfuttermischwerk.de\/blogg\/uber-beelitz-heilstatten\/","title":{"rendered":"\u00dcber Beelitz-Heilst\u00e4tten"},"content":{"rendered":"<p>Einestages hat gerade nebst einer Fotostrecke von <a href=\"http:\/\/www.marodes.de\">Marc Mielzarjewicz<\/a> einen wirklich <a href=\"http:\/\/einestages.spiegel.de\/static\/topicalbumbackground\/23844\/heile_welt_von_gestern.html\">sch\u00f6nen Artikel<\/a> \u00fcber die Beelitzer Heilst\u00e4tten, von denen zwar jeder ganz viele Fotos kennt, aber kaum etwas \u00fcber die Geschichte wei\u00df.<\/p>\n<blockquote><p>&#8222;Ich habe 2005 zuf\u00e4llig im Internet ein phantastisches Foto von einem zugewucherten T\u00fcrportal gefunden&#8220;, erinnert sich der 40-J\u00e4hrige. &#8222;Ich hatte keine Ahnung, wo dieses Foto entstanden war, aber ich wusste: Da muss du hin!&#8220; Er recherchierte die Adresse der Heilst\u00e4tten &#8211; und machte sich auf den Weg. &#8222;Beim ersten Besuch war ich schier erschlagen von der Gr\u00f6\u00dfe des Gel\u00e4ndes&#8220;, sagt Mielzarjewicz, der vor kurzem einen Bildband mit Schwarzwei\u00df-Aufnahmen von Beelitz herausgegeben hat. &#8222;Vor allem hat mich der Gedanke fasziniert, wie sch\u00f6n die Architektur der Anlage damals auf die Menschen gewirkt haben muss, wenn man bedenkt, was f\u00fcr ein Moloch Berlin zu der Zeit war.&#8220; <\/p><\/blockquote>\n<img loading=\"lazy\" decoding=\"async\" src=\"https:\/\/www.kraftfuttermischwerk.de\/blogg\/wp-content\/uploads2\/2011\/11\/F.jpeg\" alt=\"\" title=\"F\" width=\"500\" height=\"328\" class=\"alignnone size-full wp-image-30976\" srcset=\"https:\/\/www.kraftfuttermischwerk.de\/blogg\/wp-content\/uploads2\/2011\/11\/F.jpeg 500w, https:\/\/www.kraftfuttermischwerk.de\/blogg\/wp-content\/uploads2\/2011\/11\/F-300x196.jpg 300w\" sizes=\"auto, (max-width: 500px) 100vw, 500px\" \/><p><br \/>\n<small>(Foto: <a href=\"http:\/\/www.marodes.de\">Marc Mielzarjewicz<\/a>)<\/small><\/p>\n","protected":false},"excerpt":{"rendered":"<p>Einestages hat gerade nebst einer Fotostrecke von Marc Mielzarjewicz einen wirklich sch\u00f6nen Artikel \u00fcber die Beelitzer Heilst\u00e4tten, von denen zwar jeder ganz viele Fotos kennt,&#8230;<\/p>\n<div class=\"more-link-wrapper\"><a class=\"more-link\" href=\"https:\/\/www.kraftfuttermischwerk.de\/blogg\/uber-beelitz-heilstatten\/\">Mehr lesen -&gt;<span class=\"screen-reader-text\">\u00dcber Beelitz-Heilst\u00e4tten<\/span><\/a><\/div>\n","protected":false},"author":1,"featured_media":0,"comment_status":"open","ping_status":"open","sticky":false,"template":"","format":"standard","meta":{"jetpack_post_was_ever_published":false,"_jetpack_newsletter_access":"","_jetpack_dont_email_post_to_subs":false,"_jetpack_newsletter_tier_id":0,"_jetpack_memberships_contains_paywalled_content":false,"_jetpack_memberships_contains_paid_content":false,"footnotes":""},"categories":[8],"tags":[],"class_list":["post-30975","post","type-post","status-publish","format-standard","hentry","category-visuelles","entry"],"jetpack_featured_media_url":"","jetpack_shortlink":"https:\/\/wp.me\/pXEnA-83B","jetpack-related-posts":[],"jetpack_sharing_enabled":true,"_links":{"self":[{"href":"https:\/\/www.kraftfuttermischwerk.de\/blogg\/wp-json\/wp\/v2\/posts\/30975","targetHints":{"allow":["GET"]}}],"collection":[{"href":"https:\/\/www.kraftfuttermischwerk.de\/blogg\/wp-json\/wp\/v2\/posts"}],"about":[{"href":"https:\/\/www.kraftfuttermischwerk.de\/blogg\/wp-json\/wp\/v2\/types\/post"}],"author":[{"embeddable":true,"href":"https:\/\/www.kraftfuttermischwerk.de\/blogg\/wp-json\/wp\/v2\/users\/1"}],"replies":[{"embeddable":true,"href":"https:\/\/www.kraftfuttermischwerk.de\/blogg\/wp-json\/wp\/v2\/comments?post=30975"}],"version-history":[{"count":0,"href":"https:\/\/www.kraftfuttermischwerk.de\/blogg\/wp-json\/wp\/v2\/posts\/30975\/revisions"}],"wp:attachment":[{"href":"https:\/\/www.kraftfuttermischwerk.de\/blogg\/wp-json\/wp\/v2\/media?parent=30975"}],"wp:term":[{"taxonomy":"category","embeddable":true,"href":"https:\/\/www.kraftfuttermischwerk.de\/blogg\/wp-json\/wp\/v2\/categories?post=30975"},{"taxonomy":"post_tag","embeddable":true,"href":"https:\/\/www.kraftfuttermischwerk.de\/blogg\/wp-json\/wp\/v2\/tags?post=30975"}],"curies":[{"name":"wp","href":"https:\/\/api.w.org\/{rel}","templated":true}]}}