{"id":31074,"date":"2011-11-14T14:30:02","date_gmt":"2011-11-14T13:30:02","guid":{"rendered":"http:\/\/www.kraftfuttermischwerk.de\/blogg\/?p=31074"},"modified":"2011-11-14T14:30:02","modified_gmt":"2011-11-14T13:30:02","slug":"sfb-kontraste-uber-die-ddr-im-jahre-1989","status":"publish","type":"post","link":"https:\/\/www.kraftfuttermischwerk.de\/blogg\/sfb-kontraste-uber-die-ddr-im-jahre-1989\/","title":{"rendered":"SFB Kontraste \u00fcber die DDR im Jahre 1989"},"content":{"rendered":"<p>Damals, als eine H\u00e4lfte des heutigen rbb noch SFB hie\u00df, die Mauer noch stand, aber die Leute in der DDR kaum noch Perspektive sahen und kaum noch Hoffnung hatten. <\/p>\n<p><iframe loading=\"lazy\" width=\"505\" height=\"372\" src=\"http:\/\/www.youtube.com\/embed\/TyxbRcSOpQQ\" frameborder=\"0\" allowfullscreen><\/iframe><br \/>\n<small>(<a href=\"http:\/\/youtu.be\/TyxbRcSOpQQ\">Direktlink<\/a>, via <a href=\"http:\/\/murdelta.soup.io\/post\/192445069\/1989-Die-DDR-windet-sich-vor-ihrem\">Mursuppe<\/a>)<\/small><\/p>\n","protected":false},"excerpt":{"rendered":"<p>Damals, als eine H\u00e4lfte des heutigen rbb noch SFB hie\u00df, die Mauer noch stand, aber die Leute in der DDR kaum noch Perspektive sahen und&#8230;<\/p>\n<div class=\"more-link-wrapper\"><a class=\"more-link\" href=\"https:\/\/www.kraftfuttermischwerk.de\/blogg\/sfb-kontraste-uber-die-ddr-im-jahre-1989\/\">Mehr lesen -&gt;<span class=\"screen-reader-text\">SFB Kontraste \u00fcber die DDR im Jahre 1989<\/span><\/a><\/div>\n","protected":false},"author":1,"featured_media":0,"comment_status":"open","ping_status":"open","sticky":false,"template":"","format":"standard","meta":{"jetpack_post_was_ever_published":false,"_jetpack_newsletter_access":"","_jetpack_dont_email_post_to_subs":false,"_jetpack_newsletter_tier_id":0,"_jetpack_memberships_contains_paywalled_content":false,"_jetpack_memberships_contains_paid_content":false,"footnotes":""},"categories":[22],"tags":[],"class_list":["post-31074","post","type-post","status-publish","format-standard","hentry","category-die-wende","entry"],"jetpack_featured_media_url":"","jetpack_shortlink":"https:\/\/wp.me\/pXEnA-85c","jetpack-related-posts":[],"jetpack_sharing_enabled":true,"_links":{"self":[{"href":"https:\/\/www.kraftfuttermischwerk.de\/blogg\/wp-json\/wp\/v2\/posts\/31074","targetHints":{"allow":["GET"]}}],"collection":[{"href":"https:\/\/www.kraftfuttermischwerk.de\/blogg\/wp-json\/wp\/v2\/posts"}],"about":[{"href":"https:\/\/www.kraftfuttermischwerk.de\/blogg\/wp-json\/wp\/v2\/types\/post"}],"author":[{"embeddable":true,"href":"https:\/\/www.kraftfuttermischwerk.de\/blogg\/wp-json\/wp\/v2\/users\/1"}],"replies":[{"embeddable":true,"href":"https:\/\/www.kraftfuttermischwerk.de\/blogg\/wp-json\/wp\/v2\/comments?post=31074"}],"version-history":[{"count":0,"href":"https:\/\/www.kraftfuttermischwerk.de\/blogg\/wp-json\/wp\/v2\/posts\/31074\/revisions"}],"wp:attachment":[{"href":"https:\/\/www.kraftfuttermischwerk.de\/blogg\/wp-json\/wp\/v2\/media?parent=31074"}],"wp:term":[{"taxonomy":"category","embeddable":true,"href":"https:\/\/www.kraftfuttermischwerk.de\/blogg\/wp-json\/wp\/v2\/categories?post=31074"},{"taxonomy":"post_tag","embeddable":true,"href":"https:\/\/www.kraftfuttermischwerk.de\/blogg\/wp-json\/wp\/v2\/tags?post=31074"}],"curies":[{"name":"wp","href":"https:\/\/api.w.org\/{rel}","templated":true}]}}