{"id":31637,"date":"2011-12-04T23:09:50","date_gmt":"2011-12-04T22:09:50","guid":{"rendered":"http:\/\/www.kraftfuttermischwerk.de\/blogg\/?p=31637"},"modified":"2011-12-04T23:09:50","modified_gmt":"2011-12-04T22:09:50","slug":"wie-die-einsatzkleidung-der-polizei-auch-mit-der-zeit-geht","status":"publish","type":"post","link":"https:\/\/www.kraftfuttermischwerk.de\/blogg\/wie-die-einsatzkleidung-der-polizei-auch-mit-der-zeit-geht\/","title":{"rendered":"Wie die Einsatzkleidung der Polizei auch mit der Zeit geht"},"content":{"rendered":"<p>Die NYT hat <a href=\"http:\/\/www.nytimes.com\/2011\/12\/04\/opinion\/sunday\/riot-gears-evolution.html?_r=3&#038;ref=opinion&#038;ref=opinion\">eine sch\u00f6ne Infografik<\/a>, die zeigt, wie sich die Einsatzkleidung der Polizei f\u00fcr Gro\u00dfeins\u00e4tze auf der Stra\u00dfe (speziell bei Demos) in den letzten 40 Jahren gewandelt hat. Gut, das gilt nun f\u00fcr New York, wer aber hierzulande in den letzten 20 Jahren mal auf einigen Demos war, wei\u00df, dass das auch mit Handhabe bei der deutschen Polizei vergleichbar ist. Und irgendwie wirkt das verdammt krass.<\/p>\n<a href=\"https:\/\/www.kraftfuttermischwerk.de\/blogg\/wp-content\/uploads2\/2011\/12\/opart-riot-popup.jpeg\"><img loading=\"lazy\" decoding=\"async\" src=\"https:\/\/www.kraftfuttermischwerk.de\/blogg\/wp-content\/uploads2\/2011\/12\/opart-riot-popup-505x245.jpg\" alt=\"\" title=\"opart-riot-popup\" width=\"505\" height=\"245\" class=\"alignnone size-large wp-image-31638\" srcset=\"https:\/\/www.kraftfuttermischwerk.de\/blogg\/wp-content\/uploads2\/2011\/12\/opart-riot-popup-505x245.jpg 505w, https:\/\/www.kraftfuttermischwerk.de\/blogg\/wp-content\/uploads2\/2011\/12\/opart-riot-popup-300x145.jpg 300w, https:\/\/www.kraftfuttermischwerk.de\/blogg\/wp-content\/uploads2\/2011\/12\/opart-riot-popup.jpeg 970w\" sizes=\"auto, (max-width: 505px) 100vw, 505px\" \/><\/a><p><br \/>\n<small>(<a href=\"https:\/\/www.kraftfuttermischwerk.de\/blogg\/wp-content\/uploads2\/2011\/12\/opart-riot-popup.jpeg\">klick<\/a> f\u00fcr in gro\u00df, via <a href=\"http:\/\/thedailywh.at\/2011\/12\/04\/infographic-of-the-day-29\/\">TDW<\/a>)<\/small><\/p>\n","protected":false},"excerpt":{"rendered":"<p>Die NYT hat eine sch\u00f6ne Infografik, die zeigt, wie sich die Einsatzkleidung der Polizei f\u00fcr Gro\u00dfeins\u00e4tze auf der Stra\u00dfe (speziell bei Demos) in den letzten&#8230;<\/p>\n<div class=\"more-link-wrapper\"><a class=\"more-link\" href=\"https:\/\/www.kraftfuttermischwerk.de\/blogg\/wie-die-einsatzkleidung-der-polizei-auch-mit-der-zeit-geht\/\">Mehr lesen -&gt;<span class=\"screen-reader-text\">Wie die Einsatzkleidung der Polizei auch mit der Zeit geht<\/span><\/a><\/div>\n","protected":false},"author":1,"featured_media":0,"comment_status":"open","ping_status":"open","sticky":false,"template":"","format":"standard","meta":{"jetpack_post_was_ever_published":false,"_jetpack_newsletter_access":"","_jetpack_dont_email_post_to_subs":false,"_jetpack_newsletter_tier_id":0,"_jetpack_memberships_contains_paywalled_content":false,"_jetpack_memberships_contains_paid_content":false,"footnotes":""},"categories":[6,8],"tags":[],"class_list":["post-31637","post","type-post","status-publish","format-standard","hentry","category-alltaglicher-sinnwahn","category-visuelles","entry"],"jetpack_featured_media_url":"","jetpack_shortlink":"https:\/\/wp.me\/pXEnA-8eh","jetpack-related-posts":[],"jetpack_sharing_enabled":true,"_links":{"self":[{"href":"https:\/\/www.kraftfuttermischwerk.de\/blogg\/wp-json\/wp\/v2\/posts\/31637","targetHints":{"allow":["GET"]}}],"collection":[{"href":"https:\/\/www.kraftfuttermischwerk.de\/blogg\/wp-json\/wp\/v2\/posts"}],"about":[{"href":"https:\/\/www.kraftfuttermischwerk.de\/blogg\/wp-json\/wp\/v2\/types\/post"}],"author":[{"embeddable":true,"href":"https:\/\/www.kraftfuttermischwerk.de\/blogg\/wp-json\/wp\/v2\/users\/1"}],"replies":[{"embeddable":true,"href":"https:\/\/www.kraftfuttermischwerk.de\/blogg\/wp-json\/wp\/v2\/comments?post=31637"}],"version-history":[{"count":0,"href":"https:\/\/www.kraftfuttermischwerk.de\/blogg\/wp-json\/wp\/v2\/posts\/31637\/revisions"}],"wp:attachment":[{"href":"https:\/\/www.kraftfuttermischwerk.de\/blogg\/wp-json\/wp\/v2\/media?parent=31637"}],"wp:term":[{"taxonomy":"category","embeddable":true,"href":"https:\/\/www.kraftfuttermischwerk.de\/blogg\/wp-json\/wp\/v2\/categories?post=31637"},{"taxonomy":"post_tag","embeddable":true,"href":"https:\/\/www.kraftfuttermischwerk.de\/blogg\/wp-json\/wp\/v2\/tags?post=31637"}],"curies":[{"name":"wp","href":"https:\/\/api.w.org\/{rel}","templated":true}]}}