{"id":31988,"date":"2011-12-15T13:37:37","date_gmt":"2011-12-15T12:37:37","guid":{"rendered":"http:\/\/www.kraftfuttermischwerk.de\/blogg\/?p=31988"},"modified":"2011-12-15T13:37:37","modified_gmt":"2011-12-15T12:37:37","slug":"adventskalender-2011-turchen-15-numblog-what-the-%e2%80%a6-jazz","status":"publish","type":"post","link":"https:\/\/www.kraftfuttermischwerk.de\/blogg\/adventskalender-2011-turchen-15-numblog-what-the-%e2%80%a6-jazz\/","title":{"rendered":"Adventskalender 2011, T\u00fcrchen #15: Numblog &#8211; What the \u2026 Jazz?!"},"content":{"rendered":"<a href=\"https:\/\/www.kraftfuttermischwerk.de\/blogg\/wp-content\/uploads2\/2011\/12\/15-11.jpg\"><img loading=\"lazy\" decoding=\"async\" src=\"https:\/\/www.kraftfuttermischwerk.de\/blogg\/wp-content\/uploads2\/2011\/12\/15-11-150x150.jpg\" alt=\"\" title=\"15-11\" width=\"150\" height=\"150\" class=\"alignleft size-thumbnail wp-image-31989\" srcset=\"https:\/\/www.kraftfuttermischwerk.de\/blogg\/wp-content\/uploads2\/2011\/12\/15-11-150x150.jpg 150w, https:\/\/www.kraftfuttermischwerk.de\/blogg\/wp-content\/uploads2\/2011\/12\/15-11-300x300.jpg 300w, https:\/\/www.kraftfuttermischwerk.de\/blogg\/wp-content\/uploads2\/2011\/12\/15-11-505x505.jpg 505w, https:\/\/www.kraftfuttermischwerk.de\/blogg\/wp-content\/uploads2\/2011\/12\/15-11.jpg 681w\" sizes=\"auto, (max-width: 150px) 100vw, 150px\" \/><\/a><p><\/a>Matthias, Chef vom <a href=\"http:\/\/www.numblog.de\/\">Nu Urban Music Blog<\/a> und von mir gemochter <a href=\"https:\/\/twitter.com\/#!\/numblog\">Einwohner von Twitterhausen<\/a>, hatte eine schwere Vorliebe f\u00fcr Jazz. Derartige Vorlieben teile ich nicht generell und schon gar nicht bedingungslos, denn Jazz kan auch verdammt anstrengend f\u00fcr meine Ohren und f\u00fcr meinen Kopf sein. Dann mag ich ihn nicht ganz so gerne. Als ich Matthias aber fragte, ob er nicht Lust h\u00e4tte eine &#8222;entspannte Jazz-Stunde&#8220; zusammenzuschieben, war mir klar, dass dabei eigentlich nicht viel schief gehen w\u00fcrde &#8211; und ich habe Recht behalten.<\/p>\n<p>Ein Mix f\u00fcr jede Stunde eines Tages. Ein Mix, der immer passt. What the \u2026 Jazz?!<\/p>\n<p><object height=\"81\" width=\"100%\"><param name=\"movie\" value=\"https:\/\/player.soundcloud.com\/player.swf?url=http%3A%2F%2Fapi.soundcloud.com%2Ftracks%2F30639798\"><\/param><param name=\"allowscriptaccess\" value=\"always\"><\/param><\/object><br \/>\n<small>(<a href=\"http:\/\/soundcloud.com\/r_co\/numblog-what-the-jazz-das\">Direktlink<\/a>, <a href=\"http:\/\/soundcloud.com\/r_co\/numblog-what-the-jazz-das\/download\">Direktdownload<\/a>)<\/small><\/p>\n<p><strong>Style:<\/strong> Jazz<br \/>\n<strong>Lenght:<\/strong> 01:02:24<br \/>\n<strong>Quality:<\/strong> 320 k\/bits<\/p>\n<p><strong>Tracklist:<\/strong><br \/>\n01 Matthew Halsall &#8211; The Journey Home<br \/>\n02 Emanative &#8211; Naima<br \/>\n03 Beanfield &#8211; Enchanting Signs<br \/>\n04 Iiro Rantala &#8211; Can&#8217;t Get Up<br \/>\n05 Oneohtrix Point Never &#8211; Replica<br \/>\n06 fLako &#8211; Lonely Town (feat. Dirg Gerner)<br \/>\n07 Jos\u221a\u00a9 James &#8211; Trouble<br \/>\n08 Charles LLoyd &#038; Maria Farantouri &#8211; Voyage to Cythera<br \/>\n09 Bill Frisell, Ron Carter, Paul Motian &#8211; Worse and Worse<br \/>\n10 Jameszoo &#8211; Morangueiro<br \/>\n11 Floating Points &#8211; Realise<br \/>\n12 Gregory Porter &#8211; 1960 What? (Opolopo Kick &#038; Bass Rerub)<br \/>\n13 Ryan Carniaux &#8211; Reflections<\/p>\n<p><strong>Alle Adventskalender-Mixe<\/strong> gibt es <a href=\"https:\/\/www.kraftfuttermischwerk.de\/blogg\/?cat=110\">hier<\/a>.<\/p>\n<p>[Thanks to <a href=\"http:\/\/soundcloud.com\/r_co\">Rico Passerini<\/a> for hosting all this Mixes. Foto unter <a href=\"http:\/\/creativecommons.org\/licenses\/by-sa\/2.0\/\">CC<\/a> von  <a href=\"http:\/\/www.flickr.com\/photos\/hhoyer\/3219911918\/sizes\/l\/in\/photostream\/\">saturn \u2644<\/a>.]<\/p>\n","protected":false},"excerpt":{"rendered":"<p>Matthias, Chef vom Nu Urban Music Blog und von mir gemochter Einwohner von Twitterhausen, hatte eine schwere Vorliebe f\u00fcr Jazz. Derartige Vorlieben teile ich nicht&#8230;<\/p>\n<div class=\"more-link-wrapper\"><a class=\"more-link\" href=\"https:\/\/www.kraftfuttermischwerk.de\/blogg\/adventskalender-2011-turchen-15-numblog-what-the-%e2%80%a6-jazz\/\">Mehr lesen -&gt;<span class=\"screen-reader-text\">Adventskalender 2011, T\u00fcrchen #15: Numblog &#8211; What the \u2026 Jazz?!<\/span><\/a><\/div>\n","protected":false},"author":1,"featured_media":0,"comment_status":"open","ping_status":"open","sticky":false,"template":"","format":"standard","meta":{"jetpack_post_was_ever_published":false,"_jetpack_newsletter_access":"","_jetpack_dont_email_post_to_subs":false,"_jetpack_newsletter_tier_id":0,"_jetpack_memberships_contains_paywalled_content":false,"_jetpack_memberships_contains_paid_content":false,"footnotes":""},"categories":[110],"tags":[],"class_list":["post-31988","post","type-post","status-publish","format-standard","hentry","category-adventskalender-2011","entry"],"jetpack_featured_media_url":"","jetpack_shortlink":"https:\/\/wp.me\/pXEnA-8jW","jetpack-related-posts":[],"jetpack_sharing_enabled":true,"_links":{"self":[{"href":"https:\/\/www.kraftfuttermischwerk.de\/blogg\/wp-json\/wp\/v2\/posts\/31988","targetHints":{"allow":["GET"]}}],"collection":[{"href":"https:\/\/www.kraftfuttermischwerk.de\/blogg\/wp-json\/wp\/v2\/posts"}],"about":[{"href":"https:\/\/www.kraftfuttermischwerk.de\/blogg\/wp-json\/wp\/v2\/types\/post"}],"author":[{"embeddable":true,"href":"https:\/\/www.kraftfuttermischwerk.de\/blogg\/wp-json\/wp\/v2\/users\/1"}],"replies":[{"embeddable":true,"href":"https:\/\/www.kraftfuttermischwerk.de\/blogg\/wp-json\/wp\/v2\/comments?post=31988"}],"version-history":[{"count":0,"href":"https:\/\/www.kraftfuttermischwerk.de\/blogg\/wp-json\/wp\/v2\/posts\/31988\/revisions"}],"wp:attachment":[{"href":"https:\/\/www.kraftfuttermischwerk.de\/blogg\/wp-json\/wp\/v2\/media?parent=31988"}],"wp:term":[{"taxonomy":"category","embeddable":true,"href":"https:\/\/www.kraftfuttermischwerk.de\/blogg\/wp-json\/wp\/v2\/categories?post=31988"},{"taxonomy":"post_tag","embeddable":true,"href":"https:\/\/www.kraftfuttermischwerk.de\/blogg\/wp-json\/wp\/v2\/tags?post=31988"}],"curies":[{"name":"wp","href":"https:\/\/api.w.org\/{rel}","templated":true}]}}