{"id":32084,"date":"2011-12-19T00:17:27","date_gmt":"2011-12-18T23:17:27","guid":{"rendered":"http:\/\/www.kraftfuttermischwerk.de\/blogg\/?p=32084"},"modified":"2011-12-19T00:17:27","modified_gmt":"2011-12-18T23:17:27","slug":"potsdam-in-den-jahren-1991-1992","status":"publish","type":"post","link":"https:\/\/www.kraftfuttermischwerk.de\/blogg\/potsdam-in-den-jahren-1991-1992\/","title":{"rendered":"Potsdam in den Jahren 1991, 1992"},"content":{"rendered":"<p>Ich bin in dieser Stadt geboren, aufgewachsen allerdings bin ich wo anders &#8211; wenn auch nur um <a href=\"http:\/\/de.wikipedia.org\/wiki\/Teltow\">die Ecke<\/a>. Ich mochte Potsdam immer au\u00dferordentlich gerne, auch deshalb bin ich hier vor \u00fcber 10 Jahren dann doch mal hergezogen. Seitdem nehme ich Ver\u00e4nderung wahr. T\u00e4glich. Alles wird anders, alles wird neu. Diese Videoaufnahmen zeigen Potsdam im in den Jahren 1991 und 1992 und vieles davon ist heute nicht mehr da. \u00dcberhaupt verschwindet hier st\u00e4ndig irgendwas. <\/p>\n<p>Irgendwann werden wir uns auch trennen m\u00fcssen, Potsdam. Der Mieten wegen. Vielleicht gehe ich dann doch wieder mit Berlin stiften. Oder mit irgendeinem Dorf in deiner N\u00e4he. Wahrscheinlich sogar das, Potsdam.<\/p>\n<p><iframe loading=\"lazy\" width=\"505\" height=\"372\" src=\"http:\/\/www.youtube.com\/embed\/umJQHi08vgQ\" frameborder=\"0\" allowfullscreen><\/iframe><br \/>\n<small>(<a href=\"http:\/\/youtu.be\/umJQHi08vgQ\">Direktlink<\/a>, via <a href=\"http:\/\/www.facebook.com\/andI611\">Andi<\/a>)<\/small><\/p>\n","protected":false},"excerpt":{"rendered":"<p>Ich bin in dieser Stadt geboren, aufgewachsen allerdings bin ich wo anders &#8211; wenn auch nur um die Ecke. Ich mochte Potsdam immer au\u00dferordentlich gerne,&#8230;<\/p>\n<div class=\"more-link-wrapper\"><a class=\"more-link\" href=\"https:\/\/www.kraftfuttermischwerk.de\/blogg\/potsdam-in-den-jahren-1991-1992\/\">Mehr lesen -&gt;<span class=\"screen-reader-text\">Potsdam in den Jahren 1991, 1992<\/span><\/a><\/div>\n","protected":false},"author":1,"featured_media":0,"comment_status":"open","ping_status":"open","sticky":false,"template":"","format":"standard","meta":{"jetpack_post_was_ever_published":false,"_jetpack_newsletter_access":"","_jetpack_dont_email_post_to_subs":false,"_jetpack_newsletter_tier_id":0,"_jetpack_memberships_contains_paywalled_content":false,"_jetpack_memberships_contains_paid_content":false,"footnotes":""},"categories":[22,8],"tags":[],"class_list":["post-32084","post","type-post","status-publish","format-standard","hentry","category-die-wende","category-visuelles","entry"],"jetpack_featured_media_url":"","jetpack_shortlink":"https:\/\/wp.me\/pXEnA-8lu","jetpack-related-posts":[],"jetpack_sharing_enabled":true,"_links":{"self":[{"href":"https:\/\/www.kraftfuttermischwerk.de\/blogg\/wp-json\/wp\/v2\/posts\/32084","targetHints":{"allow":["GET"]}}],"collection":[{"href":"https:\/\/www.kraftfuttermischwerk.de\/blogg\/wp-json\/wp\/v2\/posts"}],"about":[{"href":"https:\/\/www.kraftfuttermischwerk.de\/blogg\/wp-json\/wp\/v2\/types\/post"}],"author":[{"embeddable":true,"href":"https:\/\/www.kraftfuttermischwerk.de\/blogg\/wp-json\/wp\/v2\/users\/1"}],"replies":[{"embeddable":true,"href":"https:\/\/www.kraftfuttermischwerk.de\/blogg\/wp-json\/wp\/v2\/comments?post=32084"}],"version-history":[{"count":0,"href":"https:\/\/www.kraftfuttermischwerk.de\/blogg\/wp-json\/wp\/v2\/posts\/32084\/revisions"}],"wp:attachment":[{"href":"https:\/\/www.kraftfuttermischwerk.de\/blogg\/wp-json\/wp\/v2\/media?parent=32084"}],"wp:term":[{"taxonomy":"category","embeddable":true,"href":"https:\/\/www.kraftfuttermischwerk.de\/blogg\/wp-json\/wp\/v2\/categories?post=32084"},{"taxonomy":"post_tag","embeddable":true,"href":"https:\/\/www.kraftfuttermischwerk.de\/blogg\/wp-json\/wp\/v2\/tags?post=32084"}],"curies":[{"name":"wp","href":"https:\/\/api.w.org\/{rel}","templated":true}]}}