{"id":32383,"date":"2011-12-27T17:58:30","date_gmt":"2011-12-27T16:58:30","guid":{"rendered":"http:\/\/www.kraftfuttermischwerk.de\/blogg\/?p=32383"},"modified":"2011-12-27T17:58:30","modified_gmt":"2011-12-27T16:58:30","slug":"hausbesetzung-und-raumung-in-potsdam","status":"publish","type":"post","link":"https:\/\/www.kraftfuttermischwerk.de\/blogg\/hausbesetzung-und-raumung-in-potsdam\/","title":{"rendered":"Hausbesetzung und R\u00e4umung in Potsdam"},"content":{"rendered":"<p>Gestern Abend wurde in der Potsdamer Stiftstra\u00dfe ein ehemaliges Altenheim der Diakonie besetz. <a href=\"http:\/\/www.maerkischeallgemeine.de\/cms\/beitrag\/12248031\/63579\/Potsdam-Besetztes-Haus-ohne-Gegenwehr-verlassen.html\">Heute Mittag wurde es<\/a> ger\u00e4umt. <a href=\"http:\/\/inforiot.de\/artikel\/besetzung-potsdam\">Hier die komplette Presseerkl\u00e4rung der Besetzer<\/a>, die mir sowas von aus dem Herzen spricht. Denn auch ich werde dieser Stadt auf kurz oder lang aus eben diesen Gr\u00fcnden den R\u00fccken kehren. M\u00fcssen.<\/p>\n<blockquote><p>In Potsdam steigen die Mieten seit Jahren kontinuierlich an. Die Innenstadt und die durchsanierten Stadtviertel wie Potsdam-West, Babelsberg oder die Nauener Vorstadt sind f\u00fcr Geringverdienende, Studierende, RentnerInnen oder Menschen die mit Hartz IV leben m\u00fcssen fast unbezahlbar geworden. Ein Gro\u00dfteil der alteingesessenen Bev\u00f6lkerung hat in den letzten Jahren diese Viertel bereits verlassen m\u00fcssen und f\u00fcr die Verbliebenen wird der Druck immer gr\u00f6\u00dfer.<br \/>\nGleichzeitig ziehen viele besserverdienende Menschen ins \u201esch\u00f6ne gr\u00fcne\u201c Potsdam und tragen damit zu den \u00fcberh\u00f6hten Mieten bei. Dass diese Stadt f\u00fcr einige immer \u201eattraktiver\u201c wird, wird so f\u00fcr viele andere Menschen zum Problem.<\/p>\n<p>Die einseitig betriebene Stadtumstrukturierung hat dazu gef\u00fchrt, dass Potsdam zu einer prestigetr\u00e4chtigen Vorzeige-Stadt f\u00fcr Touristen und Besserverdienende geworden ist. Menschen, die nicht mehr in dieses Stadtbild passen, werden in die Randgebiete und Plattenbausiedlungen abgedr\u00e4ngt. Doch sogar dort steigen die Mieten immer weiter an, so dass Potsdam in den letzten Jahren zu einer der St\u00e4dte mit dem teuersten Wohnraum in Ostdeutschland geworden ist. Die zynischen Vorschl\u00e4ge, doch in eine andere Stadt zu ziehen wenn man sich die Miete hier nicht mehr leisten k\u00f6nne, kommt meist von denjenigen, die von solchen existentiellen Problemen nicht betroffen sind.<\/p><\/blockquote>\n","protected":false},"excerpt":{"rendered":"<p>Gestern Abend wurde in der Potsdamer Stiftstra\u00dfe ein ehemaliges Altenheim der Diakonie besetz. Heute Mittag wurde es ger\u00e4umt. Hier die komplette Presseerkl\u00e4rung der Besetzer, die&#8230;<\/p>\n<div class=\"more-link-wrapper\"><a class=\"more-link\" href=\"https:\/\/www.kraftfuttermischwerk.de\/blogg\/hausbesetzung-und-raumung-in-potsdam\/\">Mehr lesen -&gt;<span class=\"screen-reader-text\">Hausbesetzung und R\u00e4umung in Potsdam<\/span><\/a><\/div>\n","protected":false},"author":1,"featured_media":0,"comment_status":"open","ping_status":"open","sticky":false,"template":"","format":"standard","meta":{"jetpack_post_was_ever_published":false,"_jetpack_newsletter_access":"","_jetpack_dont_email_post_to_subs":false,"_jetpack_newsletter_tier_id":0,"_jetpack_memberships_contains_paywalled_content":false,"_jetpack_memberships_contains_paid_content":false,"footnotes":""},"categories":[6],"tags":[],"class_list":["post-32383","post","type-post","status-publish","format-standard","hentry","category-alltaglicher-sinnwahn","entry"],"jetpack_featured_media_url":"","jetpack_shortlink":"https:\/\/wp.me\/pXEnA-8qj","jetpack-related-posts":[],"jetpack_sharing_enabled":true,"_links":{"self":[{"href":"https:\/\/www.kraftfuttermischwerk.de\/blogg\/wp-json\/wp\/v2\/posts\/32383","targetHints":{"allow":["GET"]}}],"collection":[{"href":"https:\/\/www.kraftfuttermischwerk.de\/blogg\/wp-json\/wp\/v2\/posts"}],"about":[{"href":"https:\/\/www.kraftfuttermischwerk.de\/blogg\/wp-json\/wp\/v2\/types\/post"}],"author":[{"embeddable":true,"href":"https:\/\/www.kraftfuttermischwerk.de\/blogg\/wp-json\/wp\/v2\/users\/1"}],"replies":[{"embeddable":true,"href":"https:\/\/www.kraftfuttermischwerk.de\/blogg\/wp-json\/wp\/v2\/comments?post=32383"}],"version-history":[{"count":0,"href":"https:\/\/www.kraftfuttermischwerk.de\/blogg\/wp-json\/wp\/v2\/posts\/32383\/revisions"}],"wp:attachment":[{"href":"https:\/\/www.kraftfuttermischwerk.de\/blogg\/wp-json\/wp\/v2\/media?parent=32383"}],"wp:term":[{"taxonomy":"category","embeddable":true,"href":"https:\/\/www.kraftfuttermischwerk.de\/blogg\/wp-json\/wp\/v2\/categories?post=32383"},{"taxonomy":"post_tag","embeddable":true,"href":"https:\/\/www.kraftfuttermischwerk.de\/blogg\/wp-json\/wp\/v2\/tags?post=32383"}],"curies":[{"name":"wp","href":"https:\/\/api.w.org\/{rel}","templated":true}]}}