{"id":32994,"date":"2012-01-19T14:31:21","date_gmt":"2012-01-19T13:31:21","guid":{"rendered":"http:\/\/www.kraftfuttermischwerk.de\/blogg\/?p=32994"},"modified":"2012-11-04T15:13:22","modified_gmt":"2012-11-04T14:13:22","slug":"fotoserie-verlassener-grenzubergange-in-europa","status":"publish","type":"post","link":"https:\/\/www.kraftfuttermischwerk.de\/blogg\/fotoserie-verlassener-grenzubergange-in-europa\/","title":{"rendered":"Fotoserie verlassener Grenz\u00fcberg\u00e4nge in Europa"},"content":{"rendered":"<p>Grandiose <a href=\"http:\/\/www.josefschulz.de\/html\/transitIndex.html\">Projekt-Idee<\/a> von Fotograf <a href=\"http:\/\/www.josefschulz.de\/\">Josef Schulz<\/a>, der hierf\u00fcr durch Europa reiste und die durch das Schengener Abkommen vorerst \u00fcberfl\u00fcssig gewordenen sind. In diesem <a href=\"http:\/\/www.josefschulz.de\/html\/interview_js_de.html\">Interview<\/a> sagt er \u00fcber seine Arbeit:<\/p>\n<blockquote><p>Die Serie &#8222;\u00fcbergang&#8220; hat einen autobiografischen Ansatz. Ich habe in meiner Jugend geschlossene Grenzen erlebt. Vor einigen Jahren stellte ich dann verwundert und fasziniert fest, dass es den Moment des Haltens an der Grenze, die Konfrontation mit den Grenzbeamten in Europa kaum noch gibt, dass meine Erfahrungen der Grenz\u00fcbertritte, die ich mit vielen Menschen teile, obsolet geworden war. Diese Erfahrung, die Erleichterung aber auch das Befremden wollte ich visualisieren und fand es wichtig, diese Erinnerungen durch meine Arbeit wachzurufen.<\/p><\/blockquote>\n<p><small>(via <a href=\"http:\/\/interweb3000.blogspot.com\/2012\/01\/ubergang-von-josef-schulz-verlassene.html?\">Interweb3000<\/a>)<\/small><\/p>\n","protected":false},"excerpt":{"rendered":"<p>Grandiose Projekt-Idee von Fotograf Josef Schulz, der hierf\u00fcr durch Europa reiste und die durch das Schengener Abkommen vorerst \u00fcberfl\u00fcssig gewordenen sind. In diesem Interview sagt&#8230;<\/p>\n<div class=\"more-link-wrapper\"><a class=\"more-link\" href=\"https:\/\/www.kraftfuttermischwerk.de\/blogg\/fotoserie-verlassener-grenzubergange-in-europa\/\">Mehr lesen -&gt;<span class=\"screen-reader-text\">Fotoserie verlassener Grenz\u00fcberg\u00e4nge in Europa<\/span><\/a><\/div>\n","protected":false},"author":1,"featured_media":0,"comment_status":"open","ping_status":"open","sticky":false,"template":"","format":"standard","meta":{"jetpack_post_was_ever_published":false,"_jetpack_newsletter_access":"","_jetpack_dont_email_post_to_subs":false,"_jetpack_newsletter_tier_id":0,"_jetpack_memberships_contains_paywalled_content":false,"_jetpack_memberships_contains_paid_content":false,"footnotes":""},"categories":[8],"tags":[],"class_list":["post-32994","post","type-post","status-publish","format-standard","hentry","category-visuelles","entry"],"jetpack_featured_media_url":"","jetpack_shortlink":"https:\/\/wp.me\/pXEnA-8Aa","jetpack-related-posts":[],"jetpack_sharing_enabled":true,"_links":{"self":[{"href":"https:\/\/www.kraftfuttermischwerk.de\/blogg\/wp-json\/wp\/v2\/posts\/32994","targetHints":{"allow":["GET"]}}],"collection":[{"href":"https:\/\/www.kraftfuttermischwerk.de\/blogg\/wp-json\/wp\/v2\/posts"}],"about":[{"href":"https:\/\/www.kraftfuttermischwerk.de\/blogg\/wp-json\/wp\/v2\/types\/post"}],"author":[{"embeddable":true,"href":"https:\/\/www.kraftfuttermischwerk.de\/blogg\/wp-json\/wp\/v2\/users\/1"}],"replies":[{"embeddable":true,"href":"https:\/\/www.kraftfuttermischwerk.de\/blogg\/wp-json\/wp\/v2\/comments?post=32994"}],"version-history":[{"count":0,"href":"https:\/\/www.kraftfuttermischwerk.de\/blogg\/wp-json\/wp\/v2\/posts\/32994\/revisions"}],"wp:attachment":[{"href":"https:\/\/www.kraftfuttermischwerk.de\/blogg\/wp-json\/wp\/v2\/media?parent=32994"}],"wp:term":[{"taxonomy":"category","embeddable":true,"href":"https:\/\/www.kraftfuttermischwerk.de\/blogg\/wp-json\/wp\/v2\/categories?post=32994"},{"taxonomy":"post_tag","embeddable":true,"href":"https:\/\/www.kraftfuttermischwerk.de\/blogg\/wp-json\/wp\/v2\/tags?post=32994"}],"curies":[{"name":"wp","href":"https:\/\/api.w.org\/{rel}","templated":true}]}}