{"id":33091,"date":"2012-01-23T22:13:52","date_gmt":"2012-01-23T21:13:52","guid":{"rendered":"http:\/\/www.kraftfuttermischwerk.de\/blogg\/?p=33091"},"modified":"2012-10-19T09:33:42","modified_gmt":"2012-10-19T07:33:42","slug":"beruhmte-fotos-und-deren-fotografen-als-portraits","status":"publish","type":"post","link":"https:\/\/www.kraftfuttermischwerk.de\/blogg\/beruhmte-fotos-und-deren-fotografen-als-portraits\/","title":{"rendered":"Ber\u00fchmte Fotos und deren Fotografen als Portraits"},"content":{"rendered":"<p>Wired hat gerade eine <a href=\"http:\/\/www.wired.com\/rawfile\/2012\/01\/famous-photogs-pose-with-their-most-iconic-images\/?viewall=true\">sch\u00f6ne Fotoserie<\/a> von <a href=\"http:\/\/www.mantoani.com\/\">Tim Mantoani<\/a>, der f\u00fcr diese Fotografen und ihre weltber\u00fchmten Fotografien auf jeweils einem Bild zusammen portraitiert. <\/p>\n<p><small>(via <a href=\"http:\/\/kottke.org\/12\/01\/photographers-pose-with-their-famous-photographs\">Kottke<\/a>)<\/small><\/p>\n","protected":false},"excerpt":{"rendered":"<p>Wired hat gerade eine sch\u00f6ne Fotoserie von Tim Mantoani, der f\u00fcr diese Fotografen und ihre weltber\u00fchmten Fotografien auf jeweils einem Bild zusammen portraitiert. (via Kottke)<\/p>\n","protected":false},"author":1,"featured_media":0,"comment_status":"open","ping_status":"open","sticky":false,"template":"","format":"standard","meta":{"jetpack_post_was_ever_published":false,"_jetpack_newsletter_access":"","_jetpack_dont_email_post_to_subs":false,"_jetpack_newsletter_tier_id":0,"_jetpack_memberships_contains_paywalled_content":false,"_jetpack_memberships_contains_paid_content":false,"footnotes":""},"categories":[8],"tags":[],"class_list":["post-33091","post","type-post","status-publish","format-standard","hentry","category-visuelles","entry"],"jetpack_featured_media_url":"","jetpack_shortlink":"https:\/\/wp.me\/pXEnA-8BJ","jetpack-related-posts":[],"jetpack_sharing_enabled":true,"_links":{"self":[{"href":"https:\/\/www.kraftfuttermischwerk.de\/blogg\/wp-json\/wp\/v2\/posts\/33091","targetHints":{"allow":["GET"]}}],"collection":[{"href":"https:\/\/www.kraftfuttermischwerk.de\/blogg\/wp-json\/wp\/v2\/posts"}],"about":[{"href":"https:\/\/www.kraftfuttermischwerk.de\/blogg\/wp-json\/wp\/v2\/types\/post"}],"author":[{"embeddable":true,"href":"https:\/\/www.kraftfuttermischwerk.de\/blogg\/wp-json\/wp\/v2\/users\/1"}],"replies":[{"embeddable":true,"href":"https:\/\/www.kraftfuttermischwerk.de\/blogg\/wp-json\/wp\/v2\/comments?post=33091"}],"version-history":[{"count":0,"href":"https:\/\/www.kraftfuttermischwerk.de\/blogg\/wp-json\/wp\/v2\/posts\/33091\/revisions"}],"wp:attachment":[{"href":"https:\/\/www.kraftfuttermischwerk.de\/blogg\/wp-json\/wp\/v2\/media?parent=33091"}],"wp:term":[{"taxonomy":"category","embeddable":true,"href":"https:\/\/www.kraftfuttermischwerk.de\/blogg\/wp-json\/wp\/v2\/categories?post=33091"},{"taxonomy":"post_tag","embeddable":true,"href":"https:\/\/www.kraftfuttermischwerk.de\/blogg\/wp-json\/wp\/v2\/tags?post=33091"}],"curies":[{"name":"wp","href":"https:\/\/api.w.org\/{rel}","templated":true}]}}