{"id":34175,"date":"2012-02-22T22:49:54","date_gmt":"2012-02-22T21:49:54","guid":{"rendered":"http:\/\/www.kraftfuttermischwerk.de\/blogg\/?p=34175"},"modified":"2012-02-22T23:00:31","modified_gmt":"2012-02-22T22:00:31","slug":"dieses-haus-stand-fruher-in-einem-anderen-land","status":"publish","type":"post","link":"https:\/\/www.kraftfuttermischwerk.de\/blogg\/dieses-haus-stand-fruher-in-einem-anderen-land\/","title":{"rendered":"Dieses Haus stand fr\u00fcher in einem anderen Land"},"content":{"rendered":"<p>Ja, das stammt von Jean-Remy von Matt. Einem T\u00fcpen, den ich nicht sonderlich sch\u00e4tze. Da ich hier allerdings keinen weiteren Werbe-Kontext entdecken kann (Sagt mir, wenn es den gegeben haben sollte.), finde ich das erstmal ziemlich gro\u00df. Ein Bild einer Aktion, das ohne jeglichen Kommentar eigentlich viel besser k\u00e4me &#8211; wenn sie eben nicht von von Matt k\u00e4me. <\/p>\n<img loading=\"lazy\" decoding=\"async\" src=\"https:\/\/www.kraftfuttermischwerk.de\/blogg\/wp-content\/uploads2\/2012\/02\/403111_378875505456692_213775278633383_1556874_1849811675_n-505x404.jpg\" alt=\"\" title=\"403111_378875505456692_213775278633383_1556874_1849811675_n\" width=\"505\" height=\"404\" class=\"alignnone size-large wp-image-34176\" srcset=\"https:\/\/www.kraftfuttermischwerk.de\/blogg\/wp-content\/uploads2\/2012\/02\/403111_378875505456692_213775278633383_1556874_1849811675_n-505x404.jpg 505w, https:\/\/www.kraftfuttermischwerk.de\/blogg\/wp-content\/uploads2\/2012\/02\/403111_378875505456692_213775278633383_1556874_1849811675_n-300x240.jpg 300w, https:\/\/www.kraftfuttermischwerk.de\/blogg\/wp-content\/uploads2\/2012\/02\/403111_378875505456692_213775278633383_1556874_1849811675_n.jpeg 720w\" sizes=\"auto, (max-width: 505px) 100vw, 505px\" \/><p><br \/>\n<small>(via <a href=\"http:\/\/www.facebook.com\/photo.php?fbid=378875505456692&#038;set=a.288245221186388.81709.213775278633383&#038;type=1\">StreetArt in Germany<\/a>)<\/small><\/p>\n","protected":false},"excerpt":{"rendered":"<p>Ja, das stammt von Jean-Remy von Matt. Einem T\u00fcpen, den ich nicht sonderlich sch\u00e4tze. Da ich hier allerdings keinen weiteren Werbe-Kontext entdecken kann (Sagt mir,&#8230;<\/p>\n<div class=\"more-link-wrapper\"><a class=\"more-link\" href=\"https:\/\/www.kraftfuttermischwerk.de\/blogg\/dieses-haus-stand-fruher-in-einem-anderen-land\/\">Mehr lesen -&gt;<span class=\"screen-reader-text\">Dieses Haus stand fr\u00fcher in einem anderen Land<\/span><\/a><\/div>\n","protected":false},"author":1,"featured_media":0,"comment_status":"open","ping_status":"open","sticky":false,"template":"","format":"standard","meta":{"jetpack_post_was_ever_published":false,"_jetpack_newsletter_access":"","_jetpack_dont_email_post_to_subs":false,"_jetpack_newsletter_tier_id":0,"_jetpack_memberships_contains_paywalled_content":false,"_jetpack_memberships_contains_paid_content":false,"footnotes":""},"categories":[8],"tags":[],"class_list":["post-34175","post","type-post","status-publish","format-standard","hentry","category-visuelles","entry"],"jetpack_featured_media_url":"","jetpack_shortlink":"https:\/\/wp.me\/pXEnA-8Td","jetpack-related-posts":[],"jetpack_sharing_enabled":true,"_links":{"self":[{"href":"https:\/\/www.kraftfuttermischwerk.de\/blogg\/wp-json\/wp\/v2\/posts\/34175","targetHints":{"allow":["GET"]}}],"collection":[{"href":"https:\/\/www.kraftfuttermischwerk.de\/blogg\/wp-json\/wp\/v2\/posts"}],"about":[{"href":"https:\/\/www.kraftfuttermischwerk.de\/blogg\/wp-json\/wp\/v2\/types\/post"}],"author":[{"embeddable":true,"href":"https:\/\/www.kraftfuttermischwerk.de\/blogg\/wp-json\/wp\/v2\/users\/1"}],"replies":[{"embeddable":true,"href":"https:\/\/www.kraftfuttermischwerk.de\/blogg\/wp-json\/wp\/v2\/comments?post=34175"}],"version-history":[{"count":0,"href":"https:\/\/www.kraftfuttermischwerk.de\/blogg\/wp-json\/wp\/v2\/posts\/34175\/revisions"}],"wp:attachment":[{"href":"https:\/\/www.kraftfuttermischwerk.de\/blogg\/wp-json\/wp\/v2\/media?parent=34175"}],"wp:term":[{"taxonomy":"category","embeddable":true,"href":"https:\/\/www.kraftfuttermischwerk.de\/blogg\/wp-json\/wp\/v2\/categories?post=34175"},{"taxonomy":"post_tag","embeddable":true,"href":"https:\/\/www.kraftfuttermischwerk.de\/blogg\/wp-json\/wp\/v2\/tags?post=34175"}],"curies":[{"name":"wp","href":"https:\/\/api.w.org\/{rel}","templated":true}]}}