{"id":34596,"date":"2012-03-09T14:52:07","date_gmt":"2012-03-09T13:52:07","guid":{"rendered":"http:\/\/www.kraftfuttermischwerk.de\/blogg\/?p=34596"},"modified":"2012-03-09T14:52:07","modified_gmt":"2012-03-09T13:52:07","slug":"vw-kafer-mini-camper","status":"publish","type":"post","link":"https:\/\/www.kraftfuttermischwerk.de\/blogg\/vw-kafer-mini-camper\/","title":{"rendered":"VW K\u00e4fer Mini-Camper"},"content":{"rendered":"<a href=\"http:\/\/www.flickr.com\/photos\/thecaptureable\/6963737137\/sizes\/l\/in\/pool-16024233@N00\/\"><img loading=\"lazy\" decoding=\"async\" src=\"https:\/\/www.kraftfuttermischwerk.de\/blogg\/wp-content\/uploads2\/2012\/03\/k\u00e4fer_minicamper.jpg\" alt=\"\" title=\"k\u00e4fer_minicamper\" width=\"505\" height=\"670\" class=\"alignnone size-full wp-image-34597\" srcset=\"https:\/\/www.kraftfuttermischwerk.de\/blogg\/wp-content\/uploads2\/2012\/03\/k\u00e4fer_minicamper.jpg 505w, https:\/\/www.kraftfuttermischwerk.de\/blogg\/wp-content\/uploads2\/2012\/03\/k\u00e4fer_minicamper-226x300.jpg 226w\" sizes=\"auto, (max-width: 505px) 100vw, 505px\" \/><\/a><p><br \/>\n<small>(<a href=\"http:\/\/www.flickr.com\/photos\/thecaptureable\/6963737137\/sizes\/l\/in\/pool-16024233@N00\/\">klick<\/a> f\u00fcr in gro\u00df, <a href=\"http:\/\/chromjuwelen.tumblr.com\/post\/18996100871\">via Chromjuwelen<\/a>)<\/small><\/p>\n<p>Ziemlich abgefahrene Kiste, die ich bisher in der Form noch gar nicht gesehen habe. Das wurde wohl so in den 70ern mal als Bausatz f\u00fcr den geneigten Schrauber angeboten und ich w\u00e4re da jetzt gar nicht so abgeneigt, wenn die Karre f\u00fcr vier Leute denn doch nicht etwas zu klein w\u00e4re.<\/p>\n<p>Das Bild <a href=\"http:\/\/www.flickr.com\/photos\/thecaptureable\/6963737137\/sizes\/l\/in\/pool-16024233@N00\/\">kommt von Flickr<\/a>, wo es noch <a href=\"http:\/\/www.flickr.com\/photos\/thecaptureable\/6817613392\/in\/pool-16024233@N00\/\">diese Informationen<\/a> zu gibt. <\/p>\n<p>Au\u00dferdem hatte Web Urbanist mal eine ganze Reihe dieser <a href=\"http:\/\/weburbanist.com\/2010\/06\/13\/vw-rv-ftw-the-amusing-amazing-beetle-minihome\/\">VW Mini-Camper zusammengesammelt<\/a>.<\/p>\n","protected":false},"excerpt":{"rendered":"<p>(klick f\u00fcr in gro\u00df, via Chromjuwelen) Ziemlich abgefahrene Kiste, die ich bisher in der Form noch gar nicht gesehen habe. Das wurde wohl so in&#8230;<\/p>\n<div class=\"more-link-wrapper\"><a class=\"more-link\" href=\"https:\/\/www.kraftfuttermischwerk.de\/blogg\/vw-kafer-mini-camper\/\">Mehr lesen -&gt;<span class=\"screen-reader-text\">VW K\u00e4fer Mini-Camper<\/span><\/a><\/div>\n","protected":false},"author":1,"featured_media":0,"comment_status":"open","ping_status":"open","sticky":false,"template":"","format":"standard","meta":{"jetpack_post_was_ever_published":false,"_jetpack_newsletter_access":"","_jetpack_dont_email_post_to_subs":false,"_jetpack_newsletter_tier_id":0,"_jetpack_memberships_contains_paywalled_content":false,"_jetpack_memberships_contains_paid_content":false,"footnotes":""},"categories":[8],"tags":[],"class_list":["post-34596","post","type-post","status-publish","format-standard","hentry","category-visuelles","entry"],"jetpack_featured_media_url":"","jetpack_shortlink":"https:\/\/wp.me\/pXEnA-900","jetpack-related-posts":[],"jetpack_sharing_enabled":true,"_links":{"self":[{"href":"https:\/\/www.kraftfuttermischwerk.de\/blogg\/wp-json\/wp\/v2\/posts\/34596","targetHints":{"allow":["GET"]}}],"collection":[{"href":"https:\/\/www.kraftfuttermischwerk.de\/blogg\/wp-json\/wp\/v2\/posts"}],"about":[{"href":"https:\/\/www.kraftfuttermischwerk.de\/blogg\/wp-json\/wp\/v2\/types\/post"}],"author":[{"embeddable":true,"href":"https:\/\/www.kraftfuttermischwerk.de\/blogg\/wp-json\/wp\/v2\/users\/1"}],"replies":[{"embeddable":true,"href":"https:\/\/www.kraftfuttermischwerk.de\/blogg\/wp-json\/wp\/v2\/comments?post=34596"}],"version-history":[{"count":0,"href":"https:\/\/www.kraftfuttermischwerk.de\/blogg\/wp-json\/wp\/v2\/posts\/34596\/revisions"}],"wp:attachment":[{"href":"https:\/\/www.kraftfuttermischwerk.de\/blogg\/wp-json\/wp\/v2\/media?parent=34596"}],"wp:term":[{"taxonomy":"category","embeddable":true,"href":"https:\/\/www.kraftfuttermischwerk.de\/blogg\/wp-json\/wp\/v2\/categories?post=34596"},{"taxonomy":"post_tag","embeddable":true,"href":"https:\/\/www.kraftfuttermischwerk.de\/blogg\/wp-json\/wp\/v2\/tags?post=34596"}],"curies":[{"name":"wp","href":"https:\/\/api.w.org\/{rel}","templated":true}]}}