{"id":34844,"date":"2012-03-19T13:36:36","date_gmt":"2012-03-19T12:36:36","guid":{"rendered":"http:\/\/www.kraftfuttermischwerk.de\/blogg\/?p=34844"},"modified":"2012-03-19T13:36:56","modified_gmt":"2012-03-19T12:36:56","slug":"nachfrage-der-volkspolizei-inspektion-berlin-mitte-beim-veb-mobelkombinat-parat","status":"publish","type":"post","link":"https:\/\/www.kraftfuttermischwerk.de\/blogg\/nachfrage-der-volkspolizei-inspektion-berlin-mitte-beim-veb-mobelkombinat-parat\/","title":{"rendered":"Nachfrage der Volkspolizei-Inspektion Berlin-Mitte beim  VEB M\u00f6belkombinat &#8222;Parat&#8220;"},"content":{"rendered":"<p><a href=\"http:\/\/ostberlin36.wordpress.com\/2010\/04\/15\/eine-tonbandsendung-fur-die-politische-schulung-dies-ist-mein-land-filmstudio-der-nva\/\">Ein Zeitdokument<\/a>, das in etwa erkl\u00e4rt, wie weit die staatlichen Institutionen der DDR in einzelne Leben einzugreifen versuchten, was ihnen auch ohne weiteres gelang. Tolles Blog \u00fcbrigens, dieses <a href=\"http:\/\/ostberlin36.wordpress.com\/\">Ostberlin Beatet Besseres<\/a>.<\/p>\n<blockquote><p>Dieser Zettel steht im Zusammenhang mit einem Operativen Vorgang (Ma\u00dfnahmenkatalog der Staatssicherheit zur \u201cFeindbearbeitung\u201d; Codename: Rheinsberger) gegen mich, der wenn m\u00f6glich Nachweisen soll das ich Nazi und Asozial bin um jegliche \u00f6ffentliche Bet\u00e4tigung von mir zu unterbinden. Musste im M\u00f6belkombinat gerade eine vom Ministerium des Inneren staatlich verordnete zwangvermittelte Arbeit als Transportarbeiter leisten. Das waren noch Zeiten, aber gut das es zu Ende ist mit dieser sogenannten DDR.<\/p>\n<p>Hauptmann Haas war im \u00fcbrigen ein guter \u201cFreund\u201d unserer Familie, Leiter einer Art politischen Polizei (K1 in der Keibelstra\u00dfe, die verwaltete auch eine Punk-Bilder-Kartei) und wahrscheinlich ein IKMS (Akz.: Inoffizieller Kriminalpolizeilicher Mitarbeiter zur L\u00f6sung von konspirativen Spezialaufgaben). Ein halbes Jahr sp\u00e4ter koordinierte er die Verh\u00f6re gegen mich, die rund 4-5 Monate dauern sollten als ich in Untersuchungshaft sass. Hatte mal zu Schulzeiten seine Tochter kurzfristig als Freundin, keine Ahnung was da schief lief.<\/p><\/blockquote>\n<img loading=\"lazy\" decoding=\"async\" src=\"https:\/\/www.kraftfuttermischwerk.de\/blogg\/wp-content\/uploads2\/2012\/03\/tumblr_m13p4nJqEh1roih0no1_500.jpeg\" alt=\"\" title=\"tumblr_m13p4nJqEh1roih0no1_500\" width=\"500\" height=\"687\" class=\"alignnone size-full wp-image-34845\" srcset=\"https:\/\/www.kraftfuttermischwerk.de\/blogg\/wp-content\/uploads2\/2012\/03\/tumblr_m13p4nJqEh1roih0no1_500.jpeg 500w, https:\/\/www.kraftfuttermischwerk.de\/blogg\/wp-content\/uploads2\/2012\/03\/tumblr_m13p4nJqEh1roih0no1_500-218x300.jpg 218w\" sizes=\"auto, (max-width: 500px) 100vw, 500px\" \/>\n","protected":false},"excerpt":{"rendered":"<p>Ein Zeitdokument, das in etwa erkl\u00e4rt, wie weit die staatlichen Institutionen der DDR in einzelne Leben einzugreifen versuchten, was ihnen auch ohne weiteres gelang. Tolles&#8230;<\/p>\n<div class=\"more-link-wrapper\"><a class=\"more-link\" href=\"https:\/\/www.kraftfuttermischwerk.de\/blogg\/nachfrage-der-volkspolizei-inspektion-berlin-mitte-beim-veb-mobelkombinat-parat\/\">Mehr lesen -&gt;<span class=\"screen-reader-text\">Nachfrage der Volkspolizei-Inspektion Berlin-Mitte beim  VEB M\u00f6belkombinat &#8222;Parat&#8220;<\/span><\/a><\/div>\n","protected":false},"author":1,"featured_media":0,"comment_status":"open","ping_status":"open","sticky":false,"template":"","format":"standard","meta":{"jetpack_post_was_ever_published":false,"_jetpack_newsletter_access":"","_jetpack_dont_email_post_to_subs":false,"_jetpack_newsletter_tier_id":0,"_jetpack_memberships_contains_paywalled_content":false,"_jetpack_memberships_contains_paid_content":false,"footnotes":""},"categories":[22,6],"tags":[],"class_list":["post-34844","post","type-post","status-publish","format-standard","hentry","category-die-wende","category-alltaglicher-sinnwahn","entry"],"jetpack_featured_media_url":"","jetpack_shortlink":"https:\/\/wp.me\/pXEnA-940","jetpack-related-posts":[],"jetpack_sharing_enabled":true,"_links":{"self":[{"href":"https:\/\/www.kraftfuttermischwerk.de\/blogg\/wp-json\/wp\/v2\/posts\/34844","targetHints":{"allow":["GET"]}}],"collection":[{"href":"https:\/\/www.kraftfuttermischwerk.de\/blogg\/wp-json\/wp\/v2\/posts"}],"about":[{"href":"https:\/\/www.kraftfuttermischwerk.de\/blogg\/wp-json\/wp\/v2\/types\/post"}],"author":[{"embeddable":true,"href":"https:\/\/www.kraftfuttermischwerk.de\/blogg\/wp-json\/wp\/v2\/users\/1"}],"replies":[{"embeddable":true,"href":"https:\/\/www.kraftfuttermischwerk.de\/blogg\/wp-json\/wp\/v2\/comments?post=34844"}],"version-history":[{"count":0,"href":"https:\/\/www.kraftfuttermischwerk.de\/blogg\/wp-json\/wp\/v2\/posts\/34844\/revisions"}],"wp:attachment":[{"href":"https:\/\/www.kraftfuttermischwerk.de\/blogg\/wp-json\/wp\/v2\/media?parent=34844"}],"wp:term":[{"taxonomy":"category","embeddable":true,"href":"https:\/\/www.kraftfuttermischwerk.de\/blogg\/wp-json\/wp\/v2\/categories?post=34844"},{"taxonomy":"post_tag","embeddable":true,"href":"https:\/\/www.kraftfuttermischwerk.de\/blogg\/wp-json\/wp\/v2\/tags?post=34844"}],"curies":[{"name":"wp","href":"https:\/\/api.w.org\/{rel}","templated":true}]}}