{"id":34893,"date":"2012-03-20T21:02:23","date_gmt":"2012-03-20T20:02:23","guid":{"rendered":"http:\/\/www.kraftfuttermischwerk.de\/blogg\/?p=34893"},"modified":"2012-03-20T21:02:23","modified_gmt":"2012-03-20T20:02:23","slug":"der-sound-der-nyc-subway","status":"publish","type":"post","link":"https:\/\/www.kraftfuttermischwerk.de\/blogg\/der-sound-der-nyc-subway\/","title":{"rendered":"Der Sound der NYC Subway"},"content":{"rendered":"<p>Urbanes Fieldrecording, was <a href=\"http:\/\/timsessler.com\/\">Tim Sessler<\/a> hier in den U-Bahnh\u00f6fen New Yorks gemacht hat. Sehr schon fotografiert hat er daf\u00fcr Musiker, die im Untergrund New Yorks ihr K\u00f6nnen darbieten. Und auch wenn die hier in Berlin gerne mal nerven, erf\u00fcllen sie mit ihren kleinen Rhythmen und Melodien die Tristesse im Keller der Gro\u00dfst\u00e4dte.<\/p>\n<p><iframe loading=\"lazy\" src=\"http:\/\/player.vimeo.com\/video\/38788768?portrait=0&amp;color=ffffff\" width=\"505\" height=\"215\" frameborder=\"0\" webkitAllowFullScreen mozallowfullscreen allowFullScreen><\/iframe><br \/>\n<small>(<a href=\"http:\/\/vimeo.com\/38788768\">Direktlink<\/a>)<\/small><\/p>\n","protected":false},"excerpt":{"rendered":"<p>Urbanes Fieldrecording, was Tim Sessler hier in den U-Bahnh\u00f6fen New Yorks gemacht hat. Sehr schon fotografiert hat er daf\u00fcr Musiker, die im Untergrund New Yorks&#8230;<\/p>\n<div class=\"more-link-wrapper\"><a class=\"more-link\" href=\"https:\/\/www.kraftfuttermischwerk.de\/blogg\/der-sound-der-nyc-subway\/\">Mehr lesen -&gt;<span class=\"screen-reader-text\">Der Sound der NYC Subway<\/span><\/a><\/div>\n","protected":false},"author":1,"featured_media":0,"comment_status":"open","ping_status":"open","sticky":false,"template":"","format":"standard","meta":{"jetpack_post_was_ever_published":false,"_jetpack_newsletter_access":"","_jetpack_dont_email_post_to_subs":false,"_jetpack_newsletter_tier_id":0,"_jetpack_memberships_contains_paywalled_content":false,"_jetpack_memberships_contains_paid_content":false,"footnotes":""},"categories":[5,8],"tags":[],"class_list":["post-34893","post","type-post","status-publish","format-standard","hentry","category-musik","category-visuelles","entry"],"jetpack_featured_media_url":"","jetpack_shortlink":"https:\/\/wp.me\/pXEnA-94N","jetpack-related-posts":[],"jetpack_sharing_enabled":true,"_links":{"self":[{"href":"https:\/\/www.kraftfuttermischwerk.de\/blogg\/wp-json\/wp\/v2\/posts\/34893","targetHints":{"allow":["GET"]}}],"collection":[{"href":"https:\/\/www.kraftfuttermischwerk.de\/blogg\/wp-json\/wp\/v2\/posts"}],"about":[{"href":"https:\/\/www.kraftfuttermischwerk.de\/blogg\/wp-json\/wp\/v2\/types\/post"}],"author":[{"embeddable":true,"href":"https:\/\/www.kraftfuttermischwerk.de\/blogg\/wp-json\/wp\/v2\/users\/1"}],"replies":[{"embeddable":true,"href":"https:\/\/www.kraftfuttermischwerk.de\/blogg\/wp-json\/wp\/v2\/comments?post=34893"}],"version-history":[{"count":0,"href":"https:\/\/www.kraftfuttermischwerk.de\/blogg\/wp-json\/wp\/v2\/posts\/34893\/revisions"}],"wp:attachment":[{"href":"https:\/\/www.kraftfuttermischwerk.de\/blogg\/wp-json\/wp\/v2\/media?parent=34893"}],"wp:term":[{"taxonomy":"category","embeddable":true,"href":"https:\/\/www.kraftfuttermischwerk.de\/blogg\/wp-json\/wp\/v2\/categories?post=34893"},{"taxonomy":"post_tag","embeddable":true,"href":"https:\/\/www.kraftfuttermischwerk.de\/blogg\/wp-json\/wp\/v2\/tags?post=34893"}],"curies":[{"name":"wp","href":"https:\/\/api.w.org\/{rel}","templated":true}]}}