{"id":35326,"date":"2012-04-05T14:08:05","date_gmt":"2012-04-05T12:08:05","guid":{"rendered":"http:\/\/www.kraftfuttermischwerk.de\/blogg\/?p=35326"},"modified":"2012-04-05T14:08:05","modified_gmt":"2012-04-05T12:08:05","slug":"doku-the-black-power-mixtape-1967-1972","status":"publish","type":"post","link":"https:\/\/www.kraftfuttermischwerk.de\/blogg\/doku-the-black-power-mixtape-1967-1972\/","title":{"rendered":"Doku: The Black Power Mixtape 1967-1972"},"content":{"rendered":"<p>Interessante Doku \u00fcber die schwarze B\u00fcrgerrechtsbewegung in den USA, Ende der 60er bis in die 70er Jahre. Schwedische TV-Reporter hatten damals bei mehr als 20 Reisen in die USA jede Menge Material gefilmt, welches dann in den Archiven des schwedischen Staatsfernsehens verschwand und erst \u00fcber 30 Jahre sp\u00e4ter wiederentdeckt wurde. Der Dokumentarfilmer G\u00f6ran Hugo Olsson nahm sich diesem an, sichtete es, mixte es und schickte den dokumentarischen Film um die Welt, wo er bereits auf Festivals zu sehen war. Arte zeigte ihn in gek\u00fcrzter Fassung &#8211; das Originalversion von Olsson ist 40 Minuten l\u00e4nger. Auf <a href=\"http:\/\/www.spiegel.de\/kultur\/tv\/0,1518,825175,00.html\">SpOn mehr Infos<\/a> \u00fcber den Film. <\/p>\n<blockquote><p>Ende der 60er Jahre reisten schwedische Journalisten in die USA, um die Hintergr\u00fcnde des US-amerikanischen B\u00fcrgeraufstandes der farbigen Bev\u00f6lkerung zu recherchieren. Schnell fanden diese interessierten Europ\u00e4er Zugang zu den Anf\u00fchrern des Black Power Movements &#8211; unter anderem zu Stokely Carmichael, Bobby Seale, Angela Davis und Eldridge Cleaver. Und es gelang den Reportern, diese Ikonen des Aufstands in sehr intimen, privaten Momenten zu filmen und bemerkenswert offene und ehrliche Interviews mit ihnen zu f\u00fchren.<br \/>\nDennoch verschwand das Material in den Archiven und wurde erst mehr als 30 Jahre sp\u00e4ter von dem schwedischen Filmemacher G\u00f6ran Hugo Olsson wiederentdeckt. Der Regisseur macht es nun in seinem Dokumentarfilm &#8222;The Black Power Mixtape&#8220; den Augen der Welt wieder zug\u00e4nglich.<\/p><\/blockquote>\n<p><object classid=\"clsid:D27CDB6E-AE6D-11cf-96B8-444553540000\" codebase=\"http:\/\/download.macromedia.com\/pub\/shockwave\/cabs\/flash\/swflash.cab#version=10,0,0,0\" id=\"playerArte\" allowScriptAccess=\"always\" width=\"640\" height=\"410\" ><param name=\"allowFullScreen\" value=\"true\" \/><param name=\"allowScriptAccess\" value=\"always\" \/><param name=\"quality\" value=\"high\"><param name=\"movie\" value=\"http:\/\/videos.arte.tv\/videoplayer.swf?configFileUrl=http%3A%2F%2Fvideos%2Earte%2Etv%2Fcae%2Fstatic%2Fflash%2Fplayer%2Fconfig%2Exml&#038;videoId=6564426&#038;mode=prod&#038;videorefFileUrl=http%3A%2F%2Fvideos%2Earte%2Etv%2Fde%2Fdo%5Fdelegate%2Fvideos%2Fthe%5Fblack%5Fpower%5Fmixtape%5F1967%5F1972%2D6564426%2Cview%2CasPlayerXml%2Exml&#038;admin=false&#038;lang=de&#038;autoPlay=true&#038;localizedPathUrl=http%3A%2F%2Fvideos%2Earte%2Etv%2Fcae%2Fstatic%2Fflash%2Fplayer%2F&#038;embed=true&#038;autoPlay=false\"><\/object><br \/>\n<small>(<a href=\"http:\/\/videos.arte.tv\/de\/videos\/the_black_power_mixtape_1967_1972-6564426.html\">Direktlink<\/a>, via <a href=\"http:\/\/www.testspiel.de\/archives\/2012\/04\/05\/the-black-power-mixtape-1967-1972\/\">Testspiel<\/a>)<\/small><\/p>\n","protected":false},"excerpt":{"rendered":"<p>Interessante Doku \u00fcber die schwarze B\u00fcrgerrechtsbewegung in den USA, Ende der 60er bis in die 70er Jahre. Schwedische TV-Reporter hatten damals bei mehr als 20&#8230;<\/p>\n<div class=\"more-link-wrapper\"><a class=\"more-link\" href=\"https:\/\/www.kraftfuttermischwerk.de\/blogg\/doku-the-black-power-mixtape-1967-1972\/\">Mehr lesen -&gt;<span class=\"screen-reader-text\">Doku: The Black Power Mixtape 1967-1972<\/span><\/a><\/div>\n","protected":false},"author":1,"featured_media":0,"comment_status":"open","ping_status":"open","sticky":false,"template":"","format":"standard","meta":{"jetpack_post_was_ever_published":false,"_jetpack_newsletter_access":"","_jetpack_dont_email_post_to_subs":false,"_jetpack_newsletter_tier_id":0,"_jetpack_memberships_contains_paywalled_content":false,"_jetpack_memberships_contains_paid_content":false,"footnotes":""},"categories":[19,6],"tags":[],"class_list":["post-35326","post","type-post","status-publish","format-standard","hentry","category-doku","category-alltaglicher-sinnwahn","entry"],"jetpack_featured_media_url":"","jetpack_shortlink":"https:\/\/wp.me\/pXEnA-9bM","jetpack-related-posts":[],"jetpack_sharing_enabled":true,"_links":{"self":[{"href":"https:\/\/www.kraftfuttermischwerk.de\/blogg\/wp-json\/wp\/v2\/posts\/35326","targetHints":{"allow":["GET"]}}],"collection":[{"href":"https:\/\/www.kraftfuttermischwerk.de\/blogg\/wp-json\/wp\/v2\/posts"}],"about":[{"href":"https:\/\/www.kraftfuttermischwerk.de\/blogg\/wp-json\/wp\/v2\/types\/post"}],"author":[{"embeddable":true,"href":"https:\/\/www.kraftfuttermischwerk.de\/blogg\/wp-json\/wp\/v2\/users\/1"}],"replies":[{"embeddable":true,"href":"https:\/\/www.kraftfuttermischwerk.de\/blogg\/wp-json\/wp\/v2\/comments?post=35326"}],"version-history":[{"count":0,"href":"https:\/\/www.kraftfuttermischwerk.de\/blogg\/wp-json\/wp\/v2\/posts\/35326\/revisions"}],"wp:attachment":[{"href":"https:\/\/www.kraftfuttermischwerk.de\/blogg\/wp-json\/wp\/v2\/media?parent=35326"}],"wp:term":[{"taxonomy":"category","embeddable":true,"href":"https:\/\/www.kraftfuttermischwerk.de\/blogg\/wp-json\/wp\/v2\/categories?post=35326"},{"taxonomy":"post_tag","embeddable":true,"href":"https:\/\/www.kraftfuttermischwerk.de\/blogg\/wp-json\/wp\/v2\/tags?post=35326"}],"curies":[{"name":"wp","href":"https:\/\/api.w.org\/{rel}","templated":true}]}}