{"id":39833,"date":"2012-08-06T22:06:18","date_gmt":"2012-08-06T20:06:18","guid":{"rendered":"http:\/\/www.kraftfuttermischwerk.de\/blogg\/?p=39833"},"modified":"2012-08-06T22:06:18","modified_gmt":"2012-08-06T20:06:18","slug":"trailer-fur-eine-doku-uber-die-roland-tr-808-planet-rock-and-other-tales-of-the-808%e2%80%b3","status":"publish","type":"post","link":"https:\/\/www.kraftfuttermischwerk.de\/blogg\/trailer-fur-eine-doku-uber-die-roland-tr-808-planet-rock-and-other-tales-of-the-808%e2%80%b3\/","title":{"rendered":"Trailer f\u00fcr eine Doku \u00fcber die Roland TR-808: \u201cPlanet Rock and Other Tales of the 808\u2033"},"content":{"rendered":"<p>Geil! Im Jahre 2013 wird es eine Doku geben, die sich nur mit und mit und nichts geringerem als der alten Rumpelbox TR-808 besch\u00e4ftigen wird und wie diese die Musik ver\u00e4nderte (darunter kann man es in dem Kontext auch gar nicht machen): \u201c<a href=\"https:\/\/www.facebook.com\/808tales\">Planet Rock and Other Tales of the 808<\/a>\u2033. Das freut mich gerade wirklich sehr und ich hoffe, dass die diese um einiges besser schneiden als diesen Trailer hier. Der n\u00e4mlich kommt schon ziemlich bekloppt nerv\u00f6s r\u00fcber, was die alte dicke Tante 808 gar nicht verdient hat.<\/p>\n<p>Ich liebe sie. Immer noch, auch wenn ich sie lange nicht mehr unter meinen Fittichen hatte. Wer sie dort mal etwas l\u00e4nger hatte, vergisst sie so schnell nicht. N\u00e4mlich.<\/p>\n<p><iframe loading=\"lazy\" src=\"http:\/\/player.vimeo.com\/video\/45313117?color=f0c000\" width=\"505\" height=\"284\" frameborder=\"0\" webkitAllowFullScreen mozallowfullscreen allowFullScreen><\/iframe><br \/>\n<small>(<a href=\"http:\/\/vimeo.com\/45313117\">Direktlink<\/a>, via <a href=\"http:\/\/www.stepcamera.de\/all\/trailer-planet-rock-and-other-tales-of-the-808:::2012-08-06.html\">Stepcamera<\/a>)<\/small> <\/p>\n","protected":false},"excerpt":{"rendered":"<p>Geil! Im Jahre 2013 wird es eine Doku geben, die sich nur mit und mit und nichts geringerem als der alten Rumpelbox TR-808 besch\u00e4ftigen wird&#8230;<\/p>\n<div class=\"more-link-wrapper\"><a class=\"more-link\" href=\"https:\/\/www.kraftfuttermischwerk.de\/blogg\/trailer-fur-eine-doku-uber-die-roland-tr-808-planet-rock-and-other-tales-of-the-808%e2%80%b3\/\">Mehr lesen -&gt;<span class=\"screen-reader-text\">Trailer f\u00fcr eine Doku \u00fcber die Roland TR-808: \u201cPlanet Rock and Other Tales of the 808\u2033<\/span><\/a><\/div>\n","protected":false},"author":1,"featured_media":0,"comment_status":"open","ping_status":"open","sticky":false,"template":"","format":"standard","meta":{"jetpack_post_was_ever_published":false,"_jetpack_newsletter_access":"","_jetpack_dont_email_post_to_subs":false,"_jetpack_newsletter_tier_id":0,"_jetpack_memberships_contains_paywalled_content":false,"_jetpack_memberships_contains_paid_content":false,"footnotes":""},"categories":[19,5],"tags":[],"class_list":["post-39833","post","type-post","status-publish","format-standard","hentry","category-doku","category-musik","entry"],"jetpack_featured_media_url":"","jetpack_shortlink":"https:\/\/wp.me\/pXEnA-amt","jetpack-related-posts":[],"jetpack_sharing_enabled":true,"_links":{"self":[{"href":"https:\/\/www.kraftfuttermischwerk.de\/blogg\/wp-json\/wp\/v2\/posts\/39833","targetHints":{"allow":["GET"]}}],"collection":[{"href":"https:\/\/www.kraftfuttermischwerk.de\/blogg\/wp-json\/wp\/v2\/posts"}],"about":[{"href":"https:\/\/www.kraftfuttermischwerk.de\/blogg\/wp-json\/wp\/v2\/types\/post"}],"author":[{"embeddable":true,"href":"https:\/\/www.kraftfuttermischwerk.de\/blogg\/wp-json\/wp\/v2\/users\/1"}],"replies":[{"embeddable":true,"href":"https:\/\/www.kraftfuttermischwerk.de\/blogg\/wp-json\/wp\/v2\/comments?post=39833"}],"version-history":[{"count":0,"href":"https:\/\/www.kraftfuttermischwerk.de\/blogg\/wp-json\/wp\/v2\/posts\/39833\/revisions"}],"wp:attachment":[{"href":"https:\/\/www.kraftfuttermischwerk.de\/blogg\/wp-json\/wp\/v2\/media?parent=39833"}],"wp:term":[{"taxonomy":"category","embeddable":true,"href":"https:\/\/www.kraftfuttermischwerk.de\/blogg\/wp-json\/wp\/v2\/categories?post=39833"},{"taxonomy":"post_tag","embeddable":true,"href":"https:\/\/www.kraftfuttermischwerk.de\/blogg\/wp-json\/wp\/v2\/tags?post=39833"}],"curies":[{"name":"wp","href":"https:\/\/api.w.org\/{rel}","templated":true}]}}