{"id":43432,"date":"2012-10-30T10:52:22","date_gmt":"2012-10-30T09:52:22","guid":{"rendered":"http:\/\/www.kraftfuttermischwerk.de\/blogg\/?p=43432"},"modified":"2012-10-30T10:54:45","modified_gmt":"2012-10-30T09:54:45","slug":"doku-material-von-der-ddr-bis-in-die-gegenwart","status":"publish","type":"post","link":"https:\/\/www.kraftfuttermischwerk.de\/blogg\/doku-material-von-der-ddr-bis-in-die-gegenwart\/","title":{"rendered":"Doku: &#8222;Material&#8220;, von der DDR bis in die Gegenwart"},"content":{"rendered":"<p>Sehr langer und pers\u00f6nlicher Dokumentarfilm  von Thomas Heise.<\/p>\n<blockquote><p>Ein pers\u00f6nliches, formal radikales Zeugnis, der Blick des Regisseurs auf die j\u00fcngste deutsche Geschichte, eine Montage dokumentarischer Bilder aus der DDR kurz vor dem Mauerfall bis in die Gegenwart. &#8222;Material&#8220; beginnt mit dem Lachen der Kinder in einer Ruinenlandschaft der fr\u00fchen 90er Jahre, es folgen Bilder einer Stra\u00dfenschlacht und von der Massendemonstration auf dem Alexanderplatz am 4. November 1989, von Diskussionen \u00fcber eine Theaterinszenierung, Erkl\u00e4rungen von Abgeordneten in der neu gew\u00e4hlten DDR-Volkskammer, Auseinandersetzungen bei einer Einwohnerversammlung, W\u00e4rter und Gefangene einer Strafvollzugsanstalt, die zum ersten Mal sagen k\u00f6nnen, was ihnen wichtig ist, ein Angriff von Jugendlichen auf die Premiere eines Dokumentarfilms \u00fcber &#8222;die Zeit, die nun da war.&#8220; Thomas Heises Dokumentarfilm spiegelt sehr pers\u00f6nlich viele Facetten der Entwicklungen in Deutschland, die durch die politische Wende in der DDR ausgel\u00f6st wurden.<\/p><\/blockquote>\n<p><object classid=\"clsid:D27CDB6E-AE6D-11cf-96B8-444553540000\" codebase=\"http:\/\/download.macromedia.com\/pub\/shockwave\/cabs\/flash\/swflash.cab#version=10,0,0,0\" id=\"playerArte\" allowScriptAccess=\"always\" width=\"640\" height=\"410\" ><param name=\"allowFullScreen\" value=\"true\" \/><param name=\"allowScriptAccess\" value=\"always\" \/><param name=\"quality\" value=\"high\"><param name=\"movie\" value=\"http:\/\/videos.arte.tv\/videoplayer.swf?mode=prod&#038;lang=de&#038;configFileUrl=http%3A%2F%2Fvideos%2Earte%2Etv%2Fcae%2Fstatic%2Fflash%2Fplayer%2Fconfig%2Exml&#038;localizedPathUrl=http%3A%2F%2Fvideos%2Earte%2Etv%2Fcae%2Fstatic%2Fflash%2Fplayer%2F&#038;videoId=7014020&#038;autoPlay=true&#038;admin=false&#038;videorefFileUrl=http%3A%2F%2Fvideos%2Earte%2Etv%2Fde%2Fdo%5Fdelegate%2Fvideos%2Fmaterial%2D%2D7014020%2Cview%2CasPlayerXml%2Exml&#038;embed=true&#038;autoPlay=false\"><\/object><br \/>\n<small>(<a href=\"http:\/\/videos.arte.tv\/de\/videos\/material--7014020.html\">Direktlink<\/a>)<\/small><\/p>\n","protected":false},"excerpt":{"rendered":"<p>Sehr langer und pers\u00f6nlicher Dokumentarfilm von Thomas Heise. Ein pers\u00f6nliches, formal radikales Zeugnis, der Blick des Regisseurs auf die j\u00fcngste deutsche Geschichte, eine Montage dokumentarischer&#8230;<\/p>\n<div class=\"more-link-wrapper\"><a class=\"more-link\" href=\"https:\/\/www.kraftfuttermischwerk.de\/blogg\/doku-material-von-der-ddr-bis-in-die-gegenwart\/\">Mehr lesen -&gt;<span class=\"screen-reader-text\">Doku: &#8222;Material&#8220;, von der DDR bis in die Gegenwart<\/span><\/a><\/div>\n","protected":false},"author":1,"featured_media":0,"comment_status":"open","ping_status":"open","sticky":false,"template":"","format":"standard","meta":{"jetpack_post_was_ever_published":false,"_jetpack_newsletter_access":"","_jetpack_dont_email_post_to_subs":false,"_jetpack_newsletter_tier_id":0,"_jetpack_memberships_contains_paywalled_content":false,"_jetpack_memberships_contains_paid_content":false,"footnotes":""},"categories":[22,19],"tags":[],"class_list":["post-43432","post","type-post","status-publish","format-standard","hentry","category-die-wende","category-doku","entry"],"jetpack_featured_media_url":"","jetpack_shortlink":"https:\/\/wp.me\/pXEnA-biw","jetpack-related-posts":[],"jetpack_sharing_enabled":true,"_links":{"self":[{"href":"https:\/\/www.kraftfuttermischwerk.de\/blogg\/wp-json\/wp\/v2\/posts\/43432","targetHints":{"allow":["GET"]}}],"collection":[{"href":"https:\/\/www.kraftfuttermischwerk.de\/blogg\/wp-json\/wp\/v2\/posts"}],"about":[{"href":"https:\/\/www.kraftfuttermischwerk.de\/blogg\/wp-json\/wp\/v2\/types\/post"}],"author":[{"embeddable":true,"href":"https:\/\/www.kraftfuttermischwerk.de\/blogg\/wp-json\/wp\/v2\/users\/1"}],"replies":[{"embeddable":true,"href":"https:\/\/www.kraftfuttermischwerk.de\/blogg\/wp-json\/wp\/v2\/comments?post=43432"}],"version-history":[{"count":0,"href":"https:\/\/www.kraftfuttermischwerk.de\/blogg\/wp-json\/wp\/v2\/posts\/43432\/revisions"}],"wp:attachment":[{"href":"https:\/\/www.kraftfuttermischwerk.de\/blogg\/wp-json\/wp\/v2\/media?parent=43432"}],"wp:term":[{"taxonomy":"category","embeddable":true,"href":"https:\/\/www.kraftfuttermischwerk.de\/blogg\/wp-json\/wp\/v2\/categories?post=43432"},{"taxonomy":"post_tag","embeddable":true,"href":"https:\/\/www.kraftfuttermischwerk.de\/blogg\/wp-json\/wp\/v2\/tags?post=43432"}],"curies":[{"name":"wp","href":"https:\/\/api.w.org\/{rel}","templated":true}]}}