{"id":45073,"date":"2012-11-19T09:55:14","date_gmt":"2012-11-19T08:55:14","guid":{"rendered":"http:\/\/www.kraftfuttermischwerk.de\/blogg\/?p=45073"},"modified":"2013-04-10T00:47:04","modified_gmt":"2013-04-09T22:47:04","slug":"das-studio-von-robert-babicz-als-360-panorama","status":"publish","type":"post","link":"https:\/\/www.kraftfuttermischwerk.de\/blogg\/das-studio-von-robert-babicz-als-360-panorama\/","title":{"rendered":"Das Studio von Robert Babicz als interaktives 360\u00b0 Panoramafoto"},"content":{"rendered":"<p>Ich war eben ganz zuf\u00e4llig mal kurz in dem wahrlich gem\u00fctlichen  Studio von Robert Babicz. Der Fotok\u00fcnstler <a href=\"http:\/\/thinkingpixels.com\/\">Andr\u00e9 M. H\u00fcnseler<\/a> hat das erm\u00f6glicht, in dem er <a href=\"http:\/\/www.robertbabicz.com\/studio360\/studio360\/\">dieses wahnsinnig tolle und interaktive 360\u00b0 Panoramafoto<\/a> im Studio von Babicz machte. Fehlt nur noch, an den vielen Potentiometer rumdrehen und schieben zu k\u00f6nnen. <\/p>\n","protected":false},"excerpt":{"rendered":"<p>Ich war eben ganz zuf\u00e4llig mal kurz in dem wahrlich gem\u00fctlichen Studio von Robert Babicz. Der Fotok\u00fcnstler Andr\u00e9 M. H\u00fcnseler hat das erm\u00f6glicht, in dem&#8230;<\/p>\n<div class=\"more-link-wrapper\"><a class=\"more-link\" href=\"https:\/\/www.kraftfuttermischwerk.de\/blogg\/das-studio-von-robert-babicz-als-360-panorama\/\">Mehr lesen -&gt;<span class=\"screen-reader-text\">Das Studio von Robert Babicz als interaktives 360\u00b0 Panoramafoto<\/span><\/a><\/div>\n","protected":false},"author":1,"featured_media":0,"comment_status":"open","ping_status":"open","sticky":false,"template":"","format":"standard","meta":{"jetpack_post_was_ever_published":false,"_jetpack_newsletter_access":"","_jetpack_dont_email_post_to_subs":false,"_jetpack_newsletter_tier_id":0,"_jetpack_memberships_contains_paywalled_content":false,"_jetpack_memberships_contains_paid_content":false,"footnotes":""},"categories":[5,8],"tags":[],"class_list":["post-45073","post","type-post","status-publish","format-standard","hentry","category-musik","category-visuelles","entry"],"jetpack_featured_media_url":"","jetpack_shortlink":"https:\/\/wp.me\/pXEnA-bIZ","jetpack-related-posts":[],"jetpack_sharing_enabled":true,"_links":{"self":[{"href":"https:\/\/www.kraftfuttermischwerk.de\/blogg\/wp-json\/wp\/v2\/posts\/45073","targetHints":{"allow":["GET"]}}],"collection":[{"href":"https:\/\/www.kraftfuttermischwerk.de\/blogg\/wp-json\/wp\/v2\/posts"}],"about":[{"href":"https:\/\/www.kraftfuttermischwerk.de\/blogg\/wp-json\/wp\/v2\/types\/post"}],"author":[{"embeddable":true,"href":"https:\/\/www.kraftfuttermischwerk.de\/blogg\/wp-json\/wp\/v2\/users\/1"}],"replies":[{"embeddable":true,"href":"https:\/\/www.kraftfuttermischwerk.de\/blogg\/wp-json\/wp\/v2\/comments?post=45073"}],"version-history":[{"count":0,"href":"https:\/\/www.kraftfuttermischwerk.de\/blogg\/wp-json\/wp\/v2\/posts\/45073\/revisions"}],"wp:attachment":[{"href":"https:\/\/www.kraftfuttermischwerk.de\/blogg\/wp-json\/wp\/v2\/media?parent=45073"}],"wp:term":[{"taxonomy":"category","embeddable":true,"href":"https:\/\/www.kraftfuttermischwerk.de\/blogg\/wp-json\/wp\/v2\/categories?post=45073"},{"taxonomy":"post_tag","embeddable":true,"href":"https:\/\/www.kraftfuttermischwerk.de\/blogg\/wp-json\/wp\/v2\/tags?post=45073"}],"curies":[{"name":"wp","href":"https:\/\/api.w.org\/{rel}","templated":true}]}}